{"id":9979,"date":"2020-10-22T17:46:44","date_gmt":"2020-10-22T23:46:44","guid":{"rendered":"http:\/\/elmetidosve.com\/?p=9979"},"modified":"2020-10-22T17:46:52","modified_gmt":"2020-10-22T23:46:52","slug":"mas-salvadorenos-regresan-con-sus-familias-tras-vencer-el-covid-19","status":"publish","type":"post","link":"https:\/\/elmetidosv.com\/?p=9979","title":{"rendered":"M\u00e1s salvadore\u00f1os regresan con sus familias tras vencer el Covid-19"},"content":{"rendered":"\n<p>M\u00e1s pacientes recuperados de Covid-19 han sido dados de alta este jueves, luego de recibir todas las atenciones m\u00e9dicas de parte del personal de salud y recuperarse en el Hospital de El Salvador.<\/p>\n\n\n\n<p>\u201cUn nuevo d\u00eda abrimos la puerta del para que m\u00e1s salvadore\u00f1os regresen con sus familias, luego de vencer al Covid-19 y recibir todas las atenciones del personal de salud\u201d, destacan las autoridades de salud.<\/p>\n\n\n\n<p>Cabe destacar que a todas estas personas que regresan con sus familiares, se les brinda el kits de medicamentos para que desde sus hogares contin\u00faen con su tratamiento y con os protocolos de bioseguridad.<\/p>\n\n\n\n<p>\u201cVer los rostros de alegr\u00eda en nuestros pacientes es todo lo que necesitamos para seguir enfrentando esta pandemia y seguir salvando vidas\u201d, agregan y destacan con satisfacci\u00f3n el alta de estos salvadore\u00f1os.<\/p>\n\n\n\n<p>De acuerdo al sitio oficial https:\/\/covid19.gob.sv\/, hasta este jueves 22 de octubre, 32 mil 262 personas han sido diagnosticadas positivas de Covid-19 en todo el territorio salvadore\u00f1o, de las cuales, 27 mil 904 han ganad la batalla a dicha enfermedad.   <\/p>\n\n\n\n<p><br><\/p>\n","protected":false},"excerpt":{"rendered":"<p>M\u00e1s pacientes recuperados de Covid-19 han sido dados de alta este jueves, luego de recibir todas las atenciones m\u00e9dicas de<\/p>\n","protected":false},"author":2,"featured_media":9980,"comment_status":"open","ping_status":"open","sticky":false,"template":"","format":"standard","meta":{"colormag_page_container_layout":"default_layout","colormag_page_sidebar_layout":"default_layout","footnotes":""},"categories":[1],"tags":[],"class_list":["post-9979","post","type-post","status-publish","format-standard","has-post-thumbnail","hentry","category-nacional"],"_links":{"self":[{"href":"https:\/\/elmetidosv.com\/index.php?rest_route=\/wp\/v2\/posts\/9979","targetHints":{"allow":["GET"]}}],"collection":[{"href":"https:\/\/elmetidosv.com\/index.php?rest_route=\/wp\/v2\/posts"}],"about":[{"href":"https:\/\/elmetidosv.com\/index.php?rest_route=\/wp\/v2\/types\/post"}],"author":[{"embeddable":true,"href":"https:\/\/elmetidosv.com\/index.php?rest_route=\/wp\/v2\/users\/2"}],"replies":[{"embeddable":true,"href":"https:\/\/elmetidosv.com\/index.php?rest_route=%2Fwp%2Fv2%2Fcomments&post=9979"}],"version-history":[{"count":1,"href":"https:\/\/elmetidosv.com\/index.php?rest_route=\/wp\/v2\/posts\/9979\/revisions"}],"predecessor-version":[{"id":9981,"href":"https:\/\/elmetidosv.com\/index.php?rest_route=\/wp\/v2\/posts\/9979\/revisions\/9981"}],"wp:featuredmedia":[{"embeddable":true,"href":"https:\/\/elmetidosv.com\/index.php?rest_route=\/wp\/v2\/media\/9980"}],"wp:attachment":[{"href":"https:\/\/elmetidosv.com\/index.php?rest_route=%2Fwp%2Fv2%2Fmedia&parent=9979"}],"wp:term":[{"taxonomy":"category","embeddable":true,"href":"https:\/\/elmetidosv.com\/index.php?rest_route=%2Fwp%2Fv2%2Fcategories&post=9979"},{"taxonomy":"post_tag","embeddable":true,"href":"https:\/\/elmetidosv.com\/index.php?rest_route=%2Fwp%2Fv2%2Ftags&post=9979"}],"curies":[{"name":"wp","href":"https:\/\/api.w.org\/{rel}","templated":true}]}}