{"id":9911,"date":"2020-10-21T16:22:56","date_gmt":"2020-10-21T22:22:56","guid":{"rendered":"http:\/\/elmetidosve.com\/?p=9911"},"modified":"2020-10-21T16:23:03","modified_gmt":"2020-10-21T22:23:03","slug":"un-joven-se-armo-de-valor-para-auxiliar-a-una-ancianita-que-era-atacada-por-dos-perros","status":"publish","type":"post","link":"https:\/\/elmetidosv.com\/?p=9911","title":{"rendered":"Un joven se arm\u00f3 de valor para auxiliar a una ancianita que era atacada por dos perros"},"content":{"rendered":"\n<figure class=\"wp-block-gallery columns-2 is-cropped wp-block-gallery-1 is-layout-flex wp-block-gallery-is-layout-flex\"><ul class=\"blocks-gallery-grid\"><li class=\"blocks-gallery-item\"><figure><img loading=\"lazy\" decoding=\"async\" width=\"272\" height=\"254\" src=\"http:\/\/elmetidosve.com\/wp-content\/uploads\/2020\/10\/0000-187.jpg\" alt=\"\" data-id=\"9912\" data-full-url=\"http:\/\/elmetidosve.com\/wp-content\/uploads\/2020\/10\/0000-187.jpg\" data-link=\"http:\/\/elmetidosve.com\/?attachment_id=9912\" class=\"wp-image-9912\"\/><\/figure><\/li><li class=\"blocks-gallery-item\"><figure><img loading=\"lazy\" decoding=\"async\" width=\"207\" height=\"255\" src=\"http:\/\/elmetidosve.com\/wp-content\/uploads\/2020\/10\/000-133.jpg\" alt=\"\" data-id=\"9913\" data-full-url=\"http:\/\/elmetidosve.com\/wp-content\/uploads\/2020\/10\/000-133.jpg\" data-link=\"http:\/\/elmetidosve.com\/?attachment_id=9913\" class=\"wp-image-9913\"\/><\/figure><\/li><\/ul><\/figure>\n\n\n\n<p>Un joven se arm\u00f3 de valor para auxiliar a una ancianita que era atacada por dos perros en el caser\u00edo El Para\u00edso del Cant\u00f3n El Portillo municipio de Santa Rosa de Lima, La Uni\u00f3n.<\/p>\n\n\n\n<p>Se trata de Osvaldo Vela, quien casualmente caminaba por la zona cuando noto del ataque de los pitbull a la indefensa ancianita de 74 a\u00f1os de edad.<\/p>\n\n\n\n<p>El joven no dud\u00f3 en auxiliar a la se\u00f1ora y como pudo la separ\u00f3 de los caninos que ya le hab\u00edan causado graves lesiones en sus brazos, piernas y en el rostro.<\/p>\n\n\n\n<p>De acuerdo a la informaci\u00f3n, el joven carg\u00f3 entre sus brazos a la se\u00f1ora para llevarla hasta una vivienda cercana para posteriormente ser llevada a un centro asistencial.<\/p>\n\n\n\n<p>Los usuarios en las redes sociales han aplaudido el gesto del jovencito. \u201cMuchas felicitaciones para este gran h\u00e9roe que ayudo a esta se\u00f1ora. y para los due\u00f1os de los perros deber\u00edan de tomar mas responsabilidad sabiendo que esa raza de caninos por naturaleza son bravos\u201d, coment\u00f3 un joven.<\/p>\n","protected":false},"excerpt":{"rendered":"<p>Un joven se arm\u00f3 de valor para auxiliar a una ancianita que era atacada por dos perros en el caser\u00edo<\/p>\n","protected":false},"author":2,"featured_media":9912,"comment_status":"open","ping_status":"open","sticky":false,"template":"","format":"standard","meta":{"colormag_page_container_layout":"default_layout","colormag_page_sidebar_layout":"default_layout","footnotes":""},"categories":[1],"tags":[],"class_list":["post-9911","post","type-post","status-publish","format-standard","has-post-thumbnail","hentry","category-nacional"],"_links":{"self":[{"href":"https:\/\/elmetidosv.com\/index.php?rest_route=\/wp\/v2\/posts\/9911","targetHints":{"allow":["GET"]}}],"collection":[{"href":"https:\/\/elmetidosv.com\/index.php?rest_route=\/wp\/v2\/posts"}],"about":[{"href":"https:\/\/elmetidosv.com\/index.php?rest_route=\/wp\/v2\/types\/post"}],"author":[{"embeddable":true,"href":"https:\/\/elmetidosv.com\/index.php?rest_route=\/wp\/v2\/users\/2"}],"replies":[{"embeddable":true,"href":"https:\/\/elmetidosv.com\/index.php?rest_route=%2Fwp%2Fv2%2Fcomments&post=9911"}],"version-history":[{"count":1,"href":"https:\/\/elmetidosv.com\/index.php?rest_route=\/wp\/v2\/posts\/9911\/revisions"}],"predecessor-version":[{"id":9914,"href":"https:\/\/elmetidosv.com\/index.php?rest_route=\/wp\/v2\/posts\/9911\/revisions\/9914"}],"wp:featuredmedia":[{"embeddable":true,"href":"https:\/\/elmetidosv.com\/index.php?rest_route=\/wp\/v2\/media\/9912"}],"wp:attachment":[{"href":"https:\/\/elmetidosv.com\/index.php?rest_route=%2Fwp%2Fv2%2Fmedia&parent=9911"}],"wp:term":[{"taxonomy":"category","embeddable":true,"href":"https:\/\/elmetidosv.com\/index.php?rest_route=%2Fwp%2Fv2%2Fcategories&post=9911"},{"taxonomy":"post_tag","embeddable":true,"href":"https:\/\/elmetidosv.com\/index.php?rest_route=%2Fwp%2Fv2%2Ftags&post=9911"}],"curies":[{"name":"wp","href":"https:\/\/api.w.org\/{rel}","templated":true}]}}