{"id":9900,"date":"2020-10-21T15:57:35","date_gmt":"2020-10-21T21:57:35","guid":{"rendered":"http:\/\/elmetidosve.com\/?p=9900"},"modified":"2020-10-21T15:57:44","modified_gmt":"2020-10-21T21:57:44","slug":"pnc-captura-a-cabecilla-por-trafico-ilicito","status":"publish","type":"post","link":"https:\/\/elmetidosv.com\/?p=9900","title":{"rendered":"PNC captura a cabecilla por tr\u00e1fico il\u00edcito"},"content":{"rendered":"\n<p>Durante las \u00faltimas horas, la Polic\u00eda Nacional Civil (PNC) ha realizado varias detenciones de sujetos pertenecientes a grupos antisociales que operan en el pa\u00eds.<\/p>\n\n\n\n<p>Dentro de esas capturas se encuentra la de Antonio N\u00fa\u00f1ez Ca\u00f1izales, alias Diego o Discreto, un l\u00edder de estas estructuras a quien se le sorprendi\u00f3 en posesi\u00f3n de varios il\u00edcitos.<\/p>\n\n\n\n<p>De acuerdo al reporte policial, al sujeto se le encontraron varias porciones de \u2018coca\u2019 y hierba, adem\u00e1s de  cinco celulares, seis microchips y una balanza electr\u00f3nica para el peso del producto.<\/p>\n\n\n\n<p>El procedimiento de captura fue realizado por agentes de la Divisi\u00f3n Antinarc\u00f3ticos de la PNC en el barrio San Francisco de la ciudad y departamento de San Miguel.<\/p>\n\n\n\n<p>En las pr\u00f3ximas horas este l\u00edder de estructuras ser\u00e1 llevado a los tribunales correspondientes para que responda a la justicia por los hechos que ha realizado.<\/p>\n","protected":false},"excerpt":{"rendered":"<p>Durante las \u00faltimas horas, la Polic\u00eda Nacional Civil (PNC) ha realizado varias detenciones de sujetos pertenecientes a grupos antisociales que<\/p>\n","protected":false},"author":2,"featured_media":9901,"comment_status":"open","ping_status":"open","sticky":false,"template":"","format":"standard","meta":{"colormag_page_container_layout":"default_layout","colormag_page_sidebar_layout":"default_layout","footnotes":""},"categories":[1],"tags":[],"class_list":["post-9900","post","type-post","status-publish","format-standard","has-post-thumbnail","hentry","category-nacional"],"_links":{"self":[{"href":"https:\/\/elmetidosv.com\/index.php?rest_route=\/wp\/v2\/posts\/9900","targetHints":{"allow":["GET"]}}],"collection":[{"href":"https:\/\/elmetidosv.com\/index.php?rest_route=\/wp\/v2\/posts"}],"about":[{"href":"https:\/\/elmetidosv.com\/index.php?rest_route=\/wp\/v2\/types\/post"}],"author":[{"embeddable":true,"href":"https:\/\/elmetidosv.com\/index.php?rest_route=\/wp\/v2\/users\/2"}],"replies":[{"embeddable":true,"href":"https:\/\/elmetidosv.com\/index.php?rest_route=%2Fwp%2Fv2%2Fcomments&post=9900"}],"version-history":[{"count":1,"href":"https:\/\/elmetidosv.com\/index.php?rest_route=\/wp\/v2\/posts\/9900\/revisions"}],"predecessor-version":[{"id":9902,"href":"https:\/\/elmetidosv.com\/index.php?rest_route=\/wp\/v2\/posts\/9900\/revisions\/9902"}],"wp:featuredmedia":[{"embeddable":true,"href":"https:\/\/elmetidosv.com\/index.php?rest_route=\/wp\/v2\/media\/9901"}],"wp:attachment":[{"href":"https:\/\/elmetidosv.com\/index.php?rest_route=%2Fwp%2Fv2%2Fmedia&parent=9900"}],"wp:term":[{"taxonomy":"category","embeddable":true,"href":"https:\/\/elmetidosv.com\/index.php?rest_route=%2Fwp%2Fv2%2Fcategories&post=9900"},{"taxonomy":"post_tag","embeddable":true,"href":"https:\/\/elmetidosv.com\/index.php?rest_route=%2Fwp%2Fv2%2Ftags&post=9900"}],"curies":[{"name":"wp","href":"https:\/\/api.w.org\/{rel}","templated":true}]}}