{"id":9883,"date":"2020-10-21T14:51:19","date_gmt":"2020-10-21T20:51:19","guid":{"rendered":"http:\/\/elmetidosve.com\/?p=9883"},"modified":"2020-10-21T14:51:27","modified_gmt":"2020-10-21T20:51:27","slug":"gobierno-protege-la-salud-y-la-economia-de-los-salvadorenos-con-controles-de-precios-de-medicamentos-en-farmacias-y-hospitales-privados","status":"publish","type":"post","link":"https:\/\/elmetidosv.com\/?p=9883","title":{"rendered":"Gobierno protege la salud y la econom\u00eda de los salvadore\u00f1os con controles de precios de medicamentos en farmacias y hospitales privados"},"content":{"rendered":"\n<figure class=\"wp-block-image size-large\"><img loading=\"lazy\" decoding=\"async\" width=\"1024\" height=\"681\" src=\"http:\/\/elmetidosve.com\/wp-content\/uploads\/2020\/10\/photo4936368628585048442-2-1024x681.jpg\" alt=\"\" class=\"wp-image-9885\" srcset=\"https:\/\/elmetidosv.com\/wp-content\/uploads\/2020\/10\/photo4936368628585048442-2-1024x681.jpg 1024w, https:\/\/elmetidosv.com\/wp-content\/uploads\/2020\/10\/photo4936368628585048442-2-300x200.jpg 300w, https:\/\/elmetidosv.com\/wp-content\/uploads\/2020\/10\/photo4936368628585048442-2-768x511.jpg 768w, https:\/\/elmetidosv.com\/wp-content\/uploads\/2020\/10\/photo4936368628585048442-2-1536x1022.jpg 1536w, https:\/\/elmetidosv.com\/wp-content\/uploads\/2020\/10\/photo4936368628585048442-2-2048x1363.jpg 2048w\" sizes=\"auto, (max-width: 1024px) 100vw, 1024px\" \/><\/figure>\n\n\n\n<p>El Gobierno del Presidente Nayib Bukele est\u00e1 protegiendo a los\nsalvadore\u00f1os con operativos de inspecciones en diferentes farmacias para garantizar\nla venta de medicamentos a precios razonables.<\/p>\n\n\n\n<p>El operativo es desarrollado en conjunto por la Direcci\u00f3n Nacional de\nMedicamentos (DNM) y la Defensor\u00eda del Consumidor.<\/p>\n\n\n\n<p>El director Nacional de Medicamentos, No\u00e9 Garc\u00eda Iraheta, inform\u00f3 que\nlas inspecciones iniciaron el pasado 19 de octubre con el objetivo de \u201cgarantizar\nque se cumplan los precios\u201d establecidos. <\/p>\n\n\n\n<figure class=\"wp-block-image size-large\"><img loading=\"lazy\" decoding=\"async\" width=\"1024\" height=\"681\" src=\"http:\/\/elmetidosve.com\/wp-content\/uploads\/2020\/10\/photo4936368628585048449-2-1024x681.jpg\" alt=\"\" class=\"wp-image-9886\" srcset=\"https:\/\/elmetidosv.com\/wp-content\/uploads\/2020\/10\/photo4936368628585048449-2-1024x681.jpg 1024w, https:\/\/elmetidosv.com\/wp-content\/uploads\/2020\/10\/photo4936368628585048449-2-300x200.jpg 300w, https:\/\/elmetidosv.com\/wp-content\/uploads\/2020\/10\/photo4936368628585048449-2-768x511.jpg 768w, https:\/\/elmetidosv.com\/wp-content\/uploads\/2020\/10\/photo4936368628585048449-2-1536x1022.jpg 1536w, https:\/\/elmetidosv.com\/wp-content\/uploads\/2020\/10\/photo4936368628585048449-2-2048x1363.jpg 2048w\" sizes=\"auto, (max-width: 1024px) 100vw, 1024px\" \/><\/figure>\n\n\n\n<p>Iraheta agreg\u00f3 que este proceso se desarrolla en alrededor de 200\nfarmacias distribuidas en diferentes zonas del pa\u00eds, las cuales fueron\nseleccionadas de manera aleatoria en la base de datos de la DNM. <\/p>\n\n\n\n<p>El proceso incluye verificar el precio m\u00e1ximo de venta al p\u00fablico y el\nprecio sugerido, como el precio final que se paga en caja, reflejado en la\nfactura o tiquete que se le entrega al consumidor.<\/p>\n\n\n\n<p>\u201cCon este tipo de inspecciones, lo que se busca es garantizar la\naccesibilidad a los medicamentos por parte de la poblaci\u00f3n, que puedan acceder\na medicinas con precios razonables, que no golpee su econom\u00eda\u201d, reiter\u00f3\nIraheta.<\/p>\n\n\n\n<p>El titular de la DNM se\u00f1al\u00f3 que se tiene programado verificar alrededor\nde 800 medicamentos en dichas farmacias.<\/p>\n\n\n\n<figure class=\"wp-block-image size-large\"><img loading=\"lazy\" decoding=\"async\" width=\"1024\" height=\"681\" src=\"http:\/\/elmetidosve.com\/wp-content\/uploads\/2020\/10\/photo4936368628585048464-2-1024x681.jpg\" alt=\"\" class=\"wp-image-9887\" srcset=\"https:\/\/elmetidosv.com\/wp-content\/uploads\/2020\/10\/photo4936368628585048464-2-1024x681.jpg 1024w, https:\/\/elmetidosv.com\/wp-content\/uploads\/2020\/10\/photo4936368628585048464-2-300x200.jpg 300w, https:\/\/elmetidosv.com\/wp-content\/uploads\/2020\/10\/photo4936368628585048464-2-768x511.jpg 768w, https:\/\/elmetidosv.com\/wp-content\/uploads\/2020\/10\/photo4936368628585048464-2-1536x1022.jpg 1536w, https:\/\/elmetidosv.com\/wp-content\/uploads\/2020\/10\/photo4936368628585048464-2-2048x1363.jpg 2048w\" sizes=\"auto, (max-width: 1024px) 100vw, 1024px\" \/><\/figure>\n\n\n\n<p>La Defensor\u00eda del Consumidor inform\u00f3 que en \u201clas inspecciones conjuntas\u201d\nse verifican \u201cfarmacias y botiquines de hospitales privados\u201d para comprobar que\nse respete la aplicaci\u00f3n de precios establecidos en la venta de medicamentos.<\/p>\n\n\n\n<p>Tanto la Direcci\u00f3n Nacional de Medicamentos como la Defensor\u00eda del\nConsumidor, exhortaron a la poblaci\u00f3n a denunciar cualquier irregularidad que hayan\nidentificado, a trav\u00e9s de la l\u00ednea directa en el n\u00famero telef\u00f3nico 910.<\/p>\n","protected":false},"excerpt":{"rendered":"<p>El Gobierno del Presidente Nayib Bukele est\u00e1 protegiendo a los salvadore\u00f1os con operativos de inspecciones en diferentes farmacias para garantizar<\/p>\n","protected":false},"author":1,"featured_media":9888,"comment_status":"open","ping_status":"open","sticky":false,"template":"","format":"standard","meta":{"colormag_page_container_layout":"default_layout","colormag_page_sidebar_layout":"default_layout","footnotes":""},"categories":[1],"tags":[],"class_list":["post-9883","post","type-post","status-publish","format-standard","has-post-thumbnail","hentry","category-nacional"],"_links":{"self":[{"href":"https:\/\/elmetidosv.com\/index.php?rest_route=\/wp\/v2\/posts\/9883","targetHints":{"allow":["GET"]}}],"collection":[{"href":"https:\/\/elmetidosv.com\/index.php?rest_route=\/wp\/v2\/posts"}],"about":[{"href":"https:\/\/elmetidosv.com\/index.php?rest_route=\/wp\/v2\/types\/post"}],"author":[{"embeddable":true,"href":"https:\/\/elmetidosv.com\/index.php?rest_route=\/wp\/v2\/users\/1"}],"replies":[{"embeddable":true,"href":"https:\/\/elmetidosv.com\/index.php?rest_route=%2Fwp%2Fv2%2Fcomments&post=9883"}],"version-history":[{"count":1,"href":"https:\/\/elmetidosv.com\/index.php?rest_route=\/wp\/v2\/posts\/9883\/revisions"}],"predecessor-version":[{"id":9889,"href":"https:\/\/elmetidosv.com\/index.php?rest_route=\/wp\/v2\/posts\/9883\/revisions\/9889"}],"wp:featuredmedia":[{"embeddable":true,"href":"https:\/\/elmetidosv.com\/index.php?rest_route=\/wp\/v2\/media\/9888"}],"wp:attachment":[{"href":"https:\/\/elmetidosv.com\/index.php?rest_route=%2Fwp%2Fv2%2Fmedia&parent=9883"}],"wp:term":[{"taxonomy":"category","embeddable":true,"href":"https:\/\/elmetidosv.com\/index.php?rest_route=%2Fwp%2Fv2%2Fcategories&post=9883"},{"taxonomy":"post_tag","embeddable":true,"href":"https:\/\/elmetidosv.com\/index.php?rest_route=%2Fwp%2Fv2%2Ftags&post=9883"}],"curies":[{"name":"wp","href":"https:\/\/api.w.org\/{rel}","templated":true}]}}