{"id":9859,"date":"2020-10-20T20:01:35","date_gmt":"2020-10-21T02:01:35","guid":{"rendered":"http:\/\/elmetidosve.com\/?p=9859"},"modified":"2020-10-20T20:01:42","modified_gmt":"2020-10-21T02:01:42","slug":"gobierno-destaca-logros-en-la-lucha-contra-el-covid-19-pandillas-y-corrupcion-en-la-50-asamblea-general-de-la-oea","status":"publish","type":"post","link":"https:\/\/elmetidosv.com\/?p=9859","title":{"rendered":"Gobierno destaca logros en la lucha contra el COVID-19, pandillas y corrupci\u00f3n en la 50\u00b0 Asamblea General de la OEA."},"content":{"rendered":"\n<p>El Gobierno del Presidente Nayib\nBukele, a trav\u00e9s de la canciller Alexandra Hill Tinoco, particip\u00f3 en la 50\u00b0\nAsamblea General de la Organizaci\u00f3n de Estados Americanos (OEA), que en esta\nocasi\u00f3n se desarroll\u00f3 bajo el lema \u201cEnfrentando los desaf\u00edos de COVID-19 en el\nHemisferio: un enfoque colaborativo para abordar vulnerabilidades y construir\nresiliencia en tiempos de crisis, con base en los cuatro pilares de la OEA\u201d.<\/p>\n\n\n\n<figure class=\"wp-block-image size-large\"><img loading=\"lazy\" decoding=\"async\" width=\"1024\" height=\"682\" src=\"http:\/\/elmetidosve.com\/wp-content\/uploads\/2020\/10\/photo4935956036846725369-1024x682.jpg\" alt=\"\" class=\"wp-image-9860\" srcset=\"https:\/\/elmetidosv.com\/wp-content\/uploads\/2020\/10\/photo4935956036846725369-1024x682.jpg 1024w, https:\/\/elmetidosv.com\/wp-content\/uploads\/2020\/10\/photo4935956036846725369-300x200.jpg 300w, https:\/\/elmetidosv.com\/wp-content\/uploads\/2020\/10\/photo4935956036846725369-768x512.jpg 768w, https:\/\/elmetidosv.com\/wp-content\/uploads\/2020\/10\/photo4935956036846725369.jpg 1280w\" sizes=\"auto, (max-width: 1024px) 100vw, 1024px\" \/><\/figure>\n\n\n\n<p>Durante su participaci\u00f3n, la\ncanciller salvadore\u00f1a destac\u00f3 que la llegada del COVID-19 pauso mucho los panes\nde naci\u00f3n, \u201cobligando a redireccionar objetivos, recursos humanos y materiales\npara atender la emergencia nacional\u201d.<\/p>\n\n\n\n<p>La canciller explic\u00f3 que hasta\nantes de la llegada de la pandemia, el tema de seguridad era el mayor reto del\nGobierno del Presidente Nayib Bukele, donde el crimen generado por las\npandillas se hab\u00eda apoderado de la sociedad, llenando de luto a decenas de\nfamilias salvadore\u00f1as.<\/p>\n\n\n\n<figure class=\"wp-block-image size-large\"><img loading=\"lazy\" decoding=\"async\" width=\"1024\" height=\"661\" src=\"http:\/\/elmetidosve.com\/wp-content\/uploads\/2020\/10\/photo4935956036846725380-1024x661.jpg\" alt=\"\" class=\"wp-image-9861\" srcset=\"https:\/\/elmetidosv.com\/wp-content\/uploads\/2020\/10\/photo4935956036846725380-1024x661.jpg 1024w, https:\/\/elmetidosv.com\/wp-content\/uploads\/2020\/10\/photo4935956036846725380-300x194.jpg 300w, https:\/\/elmetidosv.com\/wp-content\/uploads\/2020\/10\/photo4935956036846725380-768x496.jpg 768w, https:\/\/elmetidosv.com\/wp-content\/uploads\/2020\/10\/photo4935956036846725380.jpg 1172w\" sizes=\"auto, (max-width: 1024px) 100vw, 1024px\" \/><\/figure>\n\n\n\n<p>\u201cAl d\u00eda de hoy y gracias al Plan\nControl Territorial, hemos tenido los meses m\u00e1s seguros desde la firma de los\nAcuerdos de Paz y se han salvado un promedio de 9 vidas diarias\u201d, enfatiz\u00f3 en\nsu intervenci\u00f3n.<\/p>\n\n\n\n<p>De igual forma, asegur\u00f3 que el\nGobierno del Presidente Bukele no ceder\u00e1 en su lucha contra la corrupci\u00f3n,\n\u201cotra pandemia que por mucho tiempo ha frenado el desarrollo en mi pa\u00eds (El\nSalvador)\u201d.<\/p>\n\n\n\n<p>La titular de canciller\u00eda\nagradeci\u00f3 el apoyo de la Secretar\u00eda General de la OEA, por ayudar en la\ncreaci\u00f3n de la Comisi\u00f3n Internacional contra la Impunidad en El Salvador\n(CICIES) que inici\u00f3 sus labores a principio del presente a\u00f1o.<\/p>\n\n\n\n<figure class=\"wp-block-image size-large\"><img loading=\"lazy\" decoding=\"async\" width=\"1024\" height=\"674\" src=\"http:\/\/elmetidosve.com\/wp-content\/uploads\/2020\/10\/photo4935956036846725371-1024x674.jpg\" alt=\"\" class=\"wp-image-9862\" srcset=\"https:\/\/elmetidosv.com\/wp-content\/uploads\/2020\/10\/photo4935956036846725371-1024x674.jpg 1024w, https:\/\/elmetidosv.com\/wp-content\/uploads\/2020\/10\/photo4935956036846725371-300x197.jpg 300w, https:\/\/elmetidosv.com\/wp-content\/uploads\/2020\/10\/photo4935956036846725371-768x506.jpg 768w, https:\/\/elmetidosv.com\/wp-content\/uploads\/2020\/10\/photo4935956036846725371.jpg 1074w\" sizes=\"auto, (max-width: 1024px) 100vw, 1024px\" \/><\/figure>\n\n\n\n<p>Al mismo tiempo, Alexandra Hill Tinoco\nconden\u00f3 en nombre de El Salvador, al r\u00e9gimen de Nicol\u00e1s Maduro y las\ndeplorables acciones que socavan los espacios democr\u00e1ticos en Venezuela.<\/p>\n\n\n\n<p>En el mismo sentido, extern\u00f3 la\npreocupaci\u00f3n del Gobierno del Presidente Nayib Bukele por la situaci\u00f3n pol\u00edtica\nque atraviesa Nicaragua desde abril del 2018.<\/p>\n\n\n\n<p>\u201cEl Gobierno del Presidente\nBukele, reitera su m\u00e1s completa voluntad para impulsar los esfuerzos que sean\nnecesarios, para el establecimiento de un di\u00e1logo efectivo y de buena fe, que\nacelere la consecuencia de acuerdos sustantivos y permitan a la hermana\nRep\u00fablica de Nicaragua, pa\u00eds tan querido por El Salvador, alcanzar la paz\u201d, concluy\u00f3\nla canciller Alexandra Hill Tinoco.<\/p>\n","protected":false},"excerpt":{"rendered":"<p>El Gobierno del Presidente Nayib Bukele, a trav\u00e9s de la canciller Alexandra Hill Tinoco, particip\u00f3 en la 50\u00b0 Asamblea General<\/p>\n","protected":false},"author":1,"featured_media":9863,"comment_status":"open","ping_status":"open","sticky":false,"template":"","format":"standard","meta":{"colormag_page_container_layout":"default_layout","colormag_page_sidebar_layout":"default_layout","footnotes":""},"categories":[1],"tags":[],"class_list":["post-9859","post","type-post","status-publish","format-standard","has-post-thumbnail","hentry","category-nacional"],"_links":{"self":[{"href":"https:\/\/elmetidosv.com\/index.php?rest_route=\/wp\/v2\/posts\/9859","targetHints":{"allow":["GET"]}}],"collection":[{"href":"https:\/\/elmetidosv.com\/index.php?rest_route=\/wp\/v2\/posts"}],"about":[{"href":"https:\/\/elmetidosv.com\/index.php?rest_route=\/wp\/v2\/types\/post"}],"author":[{"embeddable":true,"href":"https:\/\/elmetidosv.com\/index.php?rest_route=\/wp\/v2\/users\/1"}],"replies":[{"embeddable":true,"href":"https:\/\/elmetidosv.com\/index.php?rest_route=%2Fwp%2Fv2%2Fcomments&post=9859"}],"version-history":[{"count":1,"href":"https:\/\/elmetidosv.com\/index.php?rest_route=\/wp\/v2\/posts\/9859\/revisions"}],"predecessor-version":[{"id":9864,"href":"https:\/\/elmetidosv.com\/index.php?rest_route=\/wp\/v2\/posts\/9859\/revisions\/9864"}],"wp:featuredmedia":[{"embeddable":true,"href":"https:\/\/elmetidosv.com\/index.php?rest_route=\/wp\/v2\/media\/9863"}],"wp:attachment":[{"href":"https:\/\/elmetidosv.com\/index.php?rest_route=%2Fwp%2Fv2%2Fmedia&parent=9859"}],"wp:term":[{"taxonomy":"category","embeddable":true,"href":"https:\/\/elmetidosv.com\/index.php?rest_route=%2Fwp%2Fv2%2Fcategories&post=9859"},{"taxonomy":"post_tag","embeddable":true,"href":"https:\/\/elmetidosv.com\/index.php?rest_route=%2Fwp%2Fv2%2Ftags&post=9859"}],"curies":[{"name":"wp","href":"https:\/\/api.w.org\/{rel}","templated":true}]}}