{"id":9819,"date":"2020-10-20T16:47:25","date_gmt":"2020-10-20T22:47:25","guid":{"rendered":"http:\/\/elmetidosve.com\/?p=9819"},"modified":"2020-10-20T16:47:33","modified_gmt":"2020-10-20T22:47:33","slug":"cel-inicia-liberacion-de-un-millon-de-alevines-en-los-embalses-de-centrales-hidroelectricas","status":"publish","type":"post","link":"https:\/\/elmetidosv.com\/?p=9819","title":{"rendered":"CEL inicia liberaci\u00f3n de un mill\u00f3n de alevines en los embalses de centrales hidroel\u00e9ctricas"},"content":{"rendered":"\n<figure class=\"wp-block-gallery columns-3 is-cropped wp-block-gallery-1 is-layout-flex wp-block-gallery-is-layout-flex\"><ul class=\"blocks-gallery-grid\"><li class=\"blocks-gallery-item\"><figure><img loading=\"lazy\" decoding=\"async\" width=\"1024\" height=\"682\" src=\"http:\/\/elmetidosve.com\/wp-content\/uploads\/2020\/10\/0000-176-1024x682.jpg\" alt=\"\" data-id=\"9820\" data-link=\"http:\/\/elmetidosve.com\/?attachment_id=9820\" class=\"wp-image-9820\" srcset=\"https:\/\/elmetidosv.com\/wp-content\/uploads\/2020\/10\/0000-176-1024x682.jpg 1024w, https:\/\/elmetidosv.com\/wp-content\/uploads\/2020\/10\/0000-176-300x200.jpg 300w, https:\/\/elmetidosv.com\/wp-content\/uploads\/2020\/10\/0000-176-768x512.jpg 768w, https:\/\/elmetidosv.com\/wp-content\/uploads\/2020\/10\/0000-176.jpg 1280w\" sizes=\"auto, (max-width: 1024px) 100vw, 1024px\" \/><\/figure><\/li><li class=\"blocks-gallery-item\"><figure><img loading=\"lazy\" decoding=\"async\" width=\"1024\" height=\"682\" src=\"http:\/\/elmetidosve.com\/wp-content\/uploads\/2020\/10\/1-26-1024x682.jpg\" alt=\"\" data-id=\"9822\" data-link=\"http:\/\/elmetidosve.com\/?attachment_id=9822\" class=\"wp-image-9822\" srcset=\"https:\/\/elmetidosv.com\/wp-content\/uploads\/2020\/10\/1-26-1024x682.jpg 1024w, https:\/\/elmetidosv.com\/wp-content\/uploads\/2020\/10\/1-26-300x200.jpg 300w, https:\/\/elmetidosv.com\/wp-content\/uploads\/2020\/10\/1-26-768x512.jpg 768w, https:\/\/elmetidosv.com\/wp-content\/uploads\/2020\/10\/1-26.jpg 1280w\" sizes=\"auto, (max-width: 1024px) 100vw, 1024px\" \/><\/figure><\/li><li class=\"blocks-gallery-item\"><figure><img loading=\"lazy\" decoding=\"async\" width=\"682\" height=\"1024\" src=\"http:\/\/elmetidosve.com\/wp-content\/uploads\/2020\/10\/000-125-682x1024.jpg\" alt=\"\" data-id=\"9823\" data-full-url=\"http:\/\/elmetidosve.com\/wp-content\/uploads\/2020\/10\/000-125.jpg\" data-link=\"http:\/\/elmetidosve.com\/?attachment_id=9823\" class=\"wp-image-9823\" srcset=\"https:\/\/elmetidosv.com\/wp-content\/uploads\/2020\/10\/000-125-682x1024.jpg 682w, https:\/\/elmetidosv.com\/wp-content\/uploads\/2020\/10\/000-125-200x300.jpg 200w, https:\/\/elmetidosv.com\/wp-content\/uploads\/2020\/10\/000-125-768x1152.jpg 768w, https:\/\/elmetidosv.com\/wp-content\/uploads\/2020\/10\/000-125.jpg 853w\" sizes=\"auto, (max-width: 682px) 100vw, 682px\" \/><\/figure><\/li><\/ul><\/figure>\n\n\n\n<p>Autoridades de la Comisi\u00f3n Ejecutiva Hidroel\u00e9ctrica del R\u00edo Lempa (CEL), inici\u00f3 este martes la liberaci\u00f3n de un mill\u00f3n de alevines en los embalses de las centrales hidroel\u00e9ctricas Guajoyo, Cerr\u00f3n Grande, 15 de Septiembre y 5 de Noviembre.<\/p>\n\n\n\n<p>Con este tipo de actividades que se llevan a cabo en estos sectores, las autoriades detallan que se pretende mantener los embalses vivos y productivos.<\/p>\n\n\n\n<p>Asimismo, afirman que  uno de los objetivos es tambi\u00e9n apoyar a la poblaci\u00f3n  para garantizar la seguridad alimentaria, as\u00ed como potenciar la dinamizaci\u00f3n comercial en las comunidades afectadas por la pandemia provocada por el Covid-19.<\/p>\n\n\n\n<p>\u201cNuestro Presidente Nayib Bukele, ha girado instrucciones necesarias, junto con el presidente de CEL, Daniel \u00c1lvarez  para que estemos con ustedes y trabajemos por ustedes\u201d, dijo Alexander Zamora, Gerente de Responsabilidad Social de CEL.<\/p>\n\n\n\n<p>Como parte de la jornada, en el embalse de la 5 de Noviembre se liberan este d\u00eda 150 mil peces de esta especie y en la zona de la comunidad El Dique, Chalatenango, fueron descargados 75 mil.<\/p>\n\n\n\n<p>La poblaci\u00f3n agradece a las autoridades del gobierno por apoyar a las personas que dependen de la pesca para obtener sus ingresos econ\u00f3micos y llevar el sustento diario a sus familias.  <\/p>\n","protected":false},"excerpt":{"rendered":"<p>Autoridades de la Comisi\u00f3n Ejecutiva Hidroel\u00e9ctrica del R\u00edo Lempa (CEL), inici\u00f3 este martes la liberaci\u00f3n de un mill\u00f3n de alevines<\/p>\n","protected":false},"author":2,"featured_media":9822,"comment_status":"open","ping_status":"open","sticky":false,"template":"","format":"standard","meta":{"colormag_page_container_layout":"default_layout","colormag_page_sidebar_layout":"default_layout","footnotes":""},"categories":[1],"tags":[],"class_list":["post-9819","post","type-post","status-publish","format-standard","has-post-thumbnail","hentry","category-nacional"],"_links":{"self":[{"href":"https:\/\/elmetidosv.com\/index.php?rest_route=\/wp\/v2\/posts\/9819","targetHints":{"allow":["GET"]}}],"collection":[{"href":"https:\/\/elmetidosv.com\/index.php?rest_route=\/wp\/v2\/posts"}],"about":[{"href":"https:\/\/elmetidosv.com\/index.php?rest_route=\/wp\/v2\/types\/post"}],"author":[{"embeddable":true,"href":"https:\/\/elmetidosv.com\/index.php?rest_route=\/wp\/v2\/users\/2"}],"replies":[{"embeddable":true,"href":"https:\/\/elmetidosv.com\/index.php?rest_route=%2Fwp%2Fv2%2Fcomments&post=9819"}],"version-history":[{"count":1,"href":"https:\/\/elmetidosv.com\/index.php?rest_route=\/wp\/v2\/posts\/9819\/revisions"}],"predecessor-version":[{"id":9824,"href":"https:\/\/elmetidosv.com\/index.php?rest_route=\/wp\/v2\/posts\/9819\/revisions\/9824"}],"wp:featuredmedia":[{"embeddable":true,"href":"https:\/\/elmetidosv.com\/index.php?rest_route=\/wp\/v2\/media\/9822"}],"wp:attachment":[{"href":"https:\/\/elmetidosv.com\/index.php?rest_route=%2Fwp%2Fv2%2Fmedia&parent=9819"}],"wp:term":[{"taxonomy":"category","embeddable":true,"href":"https:\/\/elmetidosv.com\/index.php?rest_route=%2Fwp%2Fv2%2Fcategories&post=9819"},{"taxonomy":"post_tag","embeddable":true,"href":"https:\/\/elmetidosv.com\/index.php?rest_route=%2Fwp%2Fv2%2Ftags&post=9819"}],"curies":[{"name":"wp","href":"https:\/\/api.w.org\/{rel}","templated":true}]}}