{"id":9810,"date":"2020-10-20T16:31:04","date_gmt":"2020-10-20T22:31:04","guid":{"rendered":"http:\/\/elmetidosve.com\/?p=9810"},"modified":"2020-10-20T16:31:13","modified_gmt":"2020-10-20T22:31:13","slug":"indes-recibe-de-manera-oficial-la-administracion-del-estadio-las-delicias","status":"publish","type":"post","link":"https:\/\/elmetidosv.com\/?p=9810","title":{"rendered":"INDES recibe de manera oficial la administraci\u00f3n del estadio Las Delicias"},"content":{"rendered":"\n<figure class=\"wp-block-gallery columns-3 is-cropped wp-block-gallery-1 is-layout-flex wp-block-gallery-is-layout-flex\"><ul class=\"blocks-gallery-grid\"><li class=\"blocks-gallery-item\"><figure><img loading=\"lazy\" decoding=\"async\" width=\"360\" height=\"240\" src=\"http:\/\/elmetidosve.com\/wp-content\/uploads\/2020\/10\/0000-174.jpg\" alt=\"\" data-id=\"9811\" data-full-url=\"http:\/\/elmetidosve.com\/wp-content\/uploads\/2020\/10\/0000-174.jpg\" data-link=\"http:\/\/elmetidosve.com\/?attachment_id=9811\" class=\"wp-image-9811\" srcset=\"https:\/\/elmetidosv.com\/wp-content\/uploads\/2020\/10\/0000-174.jpg 360w, https:\/\/elmetidosv.com\/wp-content\/uploads\/2020\/10\/0000-174-300x200.jpg 300w\" sizes=\"auto, (max-width: 360px) 100vw, 360px\" \/><\/figure><\/li><li class=\"blocks-gallery-item\"><figure><img loading=\"lazy\" decoding=\"async\" width=\"360\" height=\"240\" src=\"http:\/\/elmetidosve.com\/wp-content\/uploads\/2020\/10\/1-25.jpg\" alt=\"\" data-id=\"9813\" data-full-url=\"http:\/\/elmetidosve.com\/wp-content\/uploads\/2020\/10\/1-25.jpg\" data-link=\"http:\/\/elmetidosve.com\/?attachment_id=9813\" class=\"wp-image-9813\" srcset=\"https:\/\/elmetidosv.com\/wp-content\/uploads\/2020\/10\/1-25.jpg 360w, https:\/\/elmetidosv.com\/wp-content\/uploads\/2020\/10\/1-25-300x200.jpg 300w\" sizes=\"auto, (max-width: 360px) 100vw, 360px\" \/><\/figure><\/li><li class=\"blocks-gallery-item\"><figure><img loading=\"lazy\" decoding=\"async\" width=\"360\" height=\"240\" src=\"http:\/\/elmetidosve.com\/wp-content\/uploads\/2020\/10\/000-122.jpg\" alt=\"\" data-id=\"9812\" data-full-url=\"http:\/\/elmetidosve.com\/wp-content\/uploads\/2020\/10\/000-122.jpg\" data-link=\"http:\/\/elmetidosve.com\/?attachment_id=9812\" class=\"wp-image-9812\" srcset=\"https:\/\/elmetidosv.com\/wp-content\/uploads\/2020\/10\/000-122.jpg 360w, https:\/\/elmetidosv.com\/wp-content\/uploads\/2020\/10\/000-122-300x200.jpg 300w\" sizes=\"auto, (max-width: 360px) 100vw, 360px\" \/><\/figure><\/li><\/ul><\/figure>\n\n\n\n<p>El presidente ad hon\u00f3rem del Instituto Nacional de los Deportes (INDES), Yamil Bukele, recibi\u00f3 esta ma\u00f1ana la administraci\u00f3n del Estadio Las Delicias, en Santa Tecla.<\/p>\n\n\n\n<p>En ese sentido se firm\u00f3 un convenio de cooperaci\u00f3n interinstitucional con el alcalde de dicho municipio, Roberto d\u2019Aubuisson.<\/p>\n\n\n\n<p>\u201cMe complace firmar este d\u00eda un acuerdo de cooperaci\u00f3n, que no solo impulsar\u00e1 la pr\u00e1ctica del f\u00fatbol, sino que otras disciplinas deportivas en este escenario deportivo\u201d, expres\u00f3 el presidente del INDES.<\/p>\n\n\n\n<p>Adem\u00e1s, Yamil Bukele indic\u00f3 que el acuerdo incluye una inversi\u00f3n de 3.3 millones de d\u00f3lares para modernizarlo, ya que ser\u00e1 utilizado para los pr\u00f3ximos Juegos Centroamericanos.<\/p>\n\n\n\n<p>Asimismo, asegur\u00f3 que el escenario deportivo pasar\u00e1 a llamarse Estadio Nacional de Las Delicias. \u201cEsperamos que junto a ustedes vayamos viendo las mejores y la dinamizaci\u00f3n deportiva que tendr\u00e1\u201d, recalc\u00f3 Bukele.<\/p>\n\n\n\n<p>Durante el acto de traspaso, el alcalde d\u2019Aubuisson, entreg\u00f3 de manera oficial las llaves del estadio. \u201cSiempre hemos tenido buenas relaciones con el INDES y bajo esa premisa queremos seguir trabajando\u201d, expres\u00f3 el edil tecle\u00f1o.<\/p>\n\n\n\n<p>La entrega del Estadio Nacional Las Delicias forma parte de la recuperaci\u00f3n de los escenarios deportivos que, durante muchos a\u00f1os, fueron entregados a diversas municipalidades y ONG, indicaron las autoridades.<\/p>\n","protected":false},"excerpt":{"rendered":"<p>El presidente ad hon\u00f3rem del Instituto Nacional de los Deportes (INDES), Yamil Bukele, recibi\u00f3 esta ma\u00f1ana la administraci\u00f3n del Estadio<\/p>\n","protected":false},"author":2,"featured_media":9812,"comment_status":"open","ping_status":"open","sticky":false,"template":"","format":"standard","meta":{"colormag_page_container_layout":"default_layout","colormag_page_sidebar_layout":"default_layout","footnotes":""},"categories":[1],"tags":[],"class_list":["post-9810","post","type-post","status-publish","format-standard","has-post-thumbnail","hentry","category-nacional"],"_links":{"self":[{"href":"https:\/\/elmetidosv.com\/index.php?rest_route=\/wp\/v2\/posts\/9810","targetHints":{"allow":["GET"]}}],"collection":[{"href":"https:\/\/elmetidosv.com\/index.php?rest_route=\/wp\/v2\/posts"}],"about":[{"href":"https:\/\/elmetidosv.com\/index.php?rest_route=\/wp\/v2\/types\/post"}],"author":[{"embeddable":true,"href":"https:\/\/elmetidosv.com\/index.php?rest_route=\/wp\/v2\/users\/2"}],"replies":[{"embeddable":true,"href":"https:\/\/elmetidosv.com\/index.php?rest_route=%2Fwp%2Fv2%2Fcomments&post=9810"}],"version-history":[{"count":1,"href":"https:\/\/elmetidosv.com\/index.php?rest_route=\/wp\/v2\/posts\/9810\/revisions"}],"predecessor-version":[{"id":9814,"href":"https:\/\/elmetidosv.com\/index.php?rest_route=\/wp\/v2\/posts\/9810\/revisions\/9814"}],"wp:featuredmedia":[{"embeddable":true,"href":"https:\/\/elmetidosv.com\/index.php?rest_route=\/wp\/v2\/media\/9812"}],"wp:attachment":[{"href":"https:\/\/elmetidosv.com\/index.php?rest_route=%2Fwp%2Fv2%2Fmedia&parent=9810"}],"wp:term":[{"taxonomy":"category","embeddable":true,"href":"https:\/\/elmetidosv.com\/index.php?rest_route=%2Fwp%2Fv2%2Fcategories&post=9810"},{"taxonomy":"post_tag","embeddable":true,"href":"https:\/\/elmetidosv.com\/index.php?rest_route=%2Fwp%2Fv2%2Ftags&post=9810"}],"curies":[{"name":"wp","href":"https:\/\/api.w.org\/{rel}","templated":true}]}}