{"id":964,"date":"2020-03-22T16:58:58","date_gmt":"2020-03-22T22:58:58","guid":{"rendered":"http:\/\/elmetidosve.com\/?p=964"},"modified":"2020-03-22T16:59:06","modified_gmt":"2020-03-22T22:59:06","slug":"pnc-detiene-a-70-personas-esta-manana-a-nivel-nacional-por-no-acatar-cuarentena-como-medida-preventiva-al-covid-19","status":"publish","type":"post","link":"https:\/\/elmetidosv.com\/?p=964","title":{"rendered":"PNC detiene a 70 personas esta ma\u00f1ana a nivel nacional por no acatar cuarentena como medida preventiva al COVID-19"},"content":{"rendered":"\n<figure class=\"wp-block-gallery columns-3 is-cropped wp-block-gallery-1 is-layout-flex wp-block-gallery-is-layout-flex\"><ul class=\"blocks-gallery-grid\"><li class=\"blocks-gallery-item\"><figure><img loading=\"lazy\" decoding=\"async\" width=\"360\" height=\"170\" src=\"http:\/\/elmetidosve.com\/wp-content\/uploads\/2020\/03\/000000000000000-45.jpg\" alt=\"\" data-id=\"965\" data-full-url=\"http:\/\/elmetidosve.com\/wp-content\/uploads\/2020\/03\/000000000000000-45.jpg\" data-link=\"http:\/\/elmetidosve.com\/?attachment_id=965\" class=\"wp-image-965\" srcset=\"https:\/\/elmetidosv.com\/wp-content\/uploads\/2020\/03\/000000000000000-45.jpg 360w, https:\/\/elmetidosv.com\/wp-content\/uploads\/2020\/03\/000000000000000-45-300x142.jpg 300w\" sizes=\"auto, (max-width: 360px) 100vw, 360px\" \/><\/figure><\/li><li class=\"blocks-gallery-item\"><figure><img loading=\"lazy\" decoding=\"async\" width=\"360\" height=\"170\" src=\"http:\/\/elmetidosve.com\/wp-content\/uploads\/2020\/03\/0000000000000-34.jpg\" alt=\"\" data-id=\"966\" data-full-url=\"http:\/\/elmetidosve.com\/wp-content\/uploads\/2020\/03\/0000000000000-34.jpg\" data-link=\"http:\/\/elmetidosve.com\/?attachment_id=966\" class=\"wp-image-966\" srcset=\"https:\/\/elmetidosv.com\/wp-content\/uploads\/2020\/03\/0000000000000-34.jpg 360w, https:\/\/elmetidosv.com\/wp-content\/uploads\/2020\/03\/0000000000000-34-300x142.jpg 300w\" sizes=\"auto, (max-width: 360px) 100vw, 360px\" \/><\/figure><\/li><li class=\"blocks-gallery-item\"><figure><img loading=\"lazy\" decoding=\"async\" width=\"360\" height=\"170\" src=\"http:\/\/elmetidosve.com\/wp-content\/uploads\/2020\/03\/00000-26.jpg\" alt=\"\" data-id=\"967\" data-full-url=\"http:\/\/elmetidosve.com\/wp-content\/uploads\/2020\/03\/00000-26.jpg\" data-link=\"http:\/\/elmetidosve.com\/?attachment_id=967\" class=\"wp-image-967\" srcset=\"https:\/\/elmetidosv.com\/wp-content\/uploads\/2020\/03\/00000-26.jpg 360w, https:\/\/elmetidosv.com\/wp-content\/uploads\/2020\/03\/00000-26-300x142.jpg 300w\" sizes=\"auto, (max-width: 360px) 100vw, 360px\" \/><\/figure><\/li><\/ul><\/figure>\n\n\n\n<p>La Polic\u00eda Nacional Civil (PNC) informa que en las \u00faltimas horas de este domingo, procedieron a la detenci\u00f3n de 70 personas a nivel nacional por no acatar la cuarentena nacional emitida para la prevenci\u00f3n del coronavirus.<\/p>\n\n\n\n<p>De acurdo a la corporaci\u00f3n policial, en el departamento de San Salvador se registran 37 detenidos, en Caba\u00f1as 10 personas, Cuscatl\u00e1n 3, San Vicente 2, La Libertad y San Miguel por el momento solo una captura, cifras que posiblemente podr\u00edan ir en aumento, seg\u00fan las autoridades.<\/p>\n\n\n\n<p>El Presidente de la Rep\u00fablica, Nayib Bukele , anunci\u00f3 ayer s\u00e1bado en cadena nacional que todos los salvadore\u00f1os deber\u00e1n cumplir cuarentena desde sus hogares y advirti\u00f3 que podr\u00edan ser arrestadas las personas que no acaten esta medida emitida preventiva por la propagaci\u00f3n del coronavirus.<\/p>\n\n\n\n<p>\u201cLas personas que sean identificadas por las autoridades violando la cuarentena, ser\u00e1n detenidas y llevadas a los Centros de Contenci\u00f3n, ah\u00ed iniciar\u00e1n el d\u00eda 1 de una cuarentena de 30 d\u00edas, en ese lugar, esto independientemente de los d\u00edas que hayan pasado en cuarentena domiciliar\u201d, afirm\u00f3 el mandatario Bukele.<\/p>\n\n\n\n<p>Estas medidas forman parte de los esfuerzos emitidos por el gobierno, en las diferentes tareas preventivas  a nivel nacional ante la propagaci\u00f3n del COVID-19.<\/p>\n","protected":false},"excerpt":{"rendered":"<p>La Polic\u00eda Nacional Civil (PNC) informa que en las \u00faltimas horas de este domingo, procedieron a la detenci\u00f3n de 70<\/p>\n","protected":false},"author":1,"featured_media":965,"comment_status":"open","ping_status":"open","sticky":false,"template":"","format":"standard","meta":{"colormag_page_container_layout":"default_layout","colormag_page_sidebar_layout":"default_layout","footnotes":""},"categories":[1],"tags":[],"class_list":["post-964","post","type-post","status-publish","format-standard","has-post-thumbnail","hentry","category-nacional"],"_links":{"self":[{"href":"https:\/\/elmetidosv.com\/index.php?rest_route=\/wp\/v2\/posts\/964","targetHints":{"allow":["GET"]}}],"collection":[{"href":"https:\/\/elmetidosv.com\/index.php?rest_route=\/wp\/v2\/posts"}],"about":[{"href":"https:\/\/elmetidosv.com\/index.php?rest_route=\/wp\/v2\/types\/post"}],"author":[{"embeddable":true,"href":"https:\/\/elmetidosv.com\/index.php?rest_route=\/wp\/v2\/users\/1"}],"replies":[{"embeddable":true,"href":"https:\/\/elmetidosv.com\/index.php?rest_route=%2Fwp%2Fv2%2Fcomments&post=964"}],"version-history":[{"count":1,"href":"https:\/\/elmetidosv.com\/index.php?rest_route=\/wp\/v2\/posts\/964\/revisions"}],"predecessor-version":[{"id":968,"href":"https:\/\/elmetidosv.com\/index.php?rest_route=\/wp\/v2\/posts\/964\/revisions\/968"}],"wp:featuredmedia":[{"embeddable":true,"href":"https:\/\/elmetidosv.com\/index.php?rest_route=\/wp\/v2\/media\/965"}],"wp:attachment":[{"href":"https:\/\/elmetidosv.com\/index.php?rest_route=%2Fwp%2Fv2%2Fmedia&parent=964"}],"wp:term":[{"taxonomy":"category","embeddable":true,"href":"https:\/\/elmetidosv.com\/index.php?rest_route=%2Fwp%2Fv2%2Fcategories&post=964"},{"taxonomy":"post_tag","embeddable":true,"href":"https:\/\/elmetidosv.com\/index.php?rest_route=%2Fwp%2Fv2%2Ftags&post=964"}],"curies":[{"name":"wp","href":"https:\/\/api.w.org\/{rel}","templated":true}]}}