{"id":9625,"date":"2020-10-16T16:18:20","date_gmt":"2020-10-16T22:18:20","guid":{"rendered":"http:\/\/elmetidosve.com\/?p=9625"},"modified":"2020-10-16T16:18:28","modified_gmt":"2020-10-16T22:18:28","slug":"vmt-decomiso-autobus-de-la-ruta-373-del-oriente-del-pais-por-infringir-ley-de-transito-en-varias-ocasiones","status":"publish","type":"post","link":"https:\/\/elmetidosv.com\/?p=9625","title":{"rendered":"VMT decomiso autob\u00fas de la ruta 373 del oriente del pa\u00eds por infringir Ley de Tr\u00e1nsito en varias ocasiones"},"content":{"rendered":"\n<p>El Viceministerio de Transporte (VMT) decomis\u00f3 este viernes un autob\u00fas de de la ruta 373 que realiza su recorrido desde el municipio de El Tr\u00e1nsito, en San Miguel, hasta la cabecera departamental de Usulut\u00e1n, al oriente del pa\u00eds, por infringir la Ley de Tr\u00e1nsito en varias ocasiones.<\/p>\n\n\n\n<p>Adem\u00e1s, el VMT explic\u00f3 en su cuenta de Twitter que fueron sancionadas otras 15 rutas del transporte colectivo, los cuales cometieron diversa faltas.<\/p>\n\n\n\n<p>\u201cEstamos trabajando en todo el pa\u00eds y combatiendo las malas pr\u00e1cticas, que por a\u00f1os administraciones anteriores proteg\u00edan a rutas que infring\u00edan la Ley recurrentemente\u201d, asegur\u00f3 el VMT.<\/p>\n\n\n\n<p>Esta cartera de Estado explic\u00f3 m\u00e1s temprano que han sancionado a 500 unidades del transporte colectivo por aumento de tarifas a los usuarios.<\/p>\n\n\n\n<p>Este viernes, continu\u00f3 el VMT como agentes de la Divisi\u00f3n de Tr\u00e1nsito de la Polic\u00eda Nacional Civil (PNC) los controles vehiculares instalados en diferentes lugares del pa\u00eds, con el objetivo que las personas cumplan con las medidas de bioseguridad.<\/p>\n\n\n\n<p>Seg\u00fan el portal web covid19.gob.sv, en el pa\u00eds se contabilizan 31,265 casos de COVID-19 desde que se detect\u00f3 el primer contagiado en el municipio de Metap\u00e1n, del departamento de Santa Ana, en marzo pasado.<\/p>\n","protected":false},"excerpt":{"rendered":"<p>El Viceministerio de Transporte (VMT) decomis\u00f3 este viernes un autob\u00fas de de la ruta 373 que realiza su recorrido desde<\/p>\n","protected":false},"author":2,"featured_media":9626,"comment_status":"open","ping_status":"open","sticky":false,"template":"","format":"standard","meta":{"colormag_page_container_layout":"default_layout","colormag_page_sidebar_layout":"default_layout","footnotes":""},"categories":[1],"tags":[],"class_list":["post-9625","post","type-post","status-publish","format-standard","has-post-thumbnail","hentry","category-nacional"],"_links":{"self":[{"href":"https:\/\/elmetidosv.com\/index.php?rest_route=\/wp\/v2\/posts\/9625","targetHints":{"allow":["GET"]}}],"collection":[{"href":"https:\/\/elmetidosv.com\/index.php?rest_route=\/wp\/v2\/posts"}],"about":[{"href":"https:\/\/elmetidosv.com\/index.php?rest_route=\/wp\/v2\/types\/post"}],"author":[{"embeddable":true,"href":"https:\/\/elmetidosv.com\/index.php?rest_route=\/wp\/v2\/users\/2"}],"replies":[{"embeddable":true,"href":"https:\/\/elmetidosv.com\/index.php?rest_route=%2Fwp%2Fv2%2Fcomments&post=9625"}],"version-history":[{"count":1,"href":"https:\/\/elmetidosv.com\/index.php?rest_route=\/wp\/v2\/posts\/9625\/revisions"}],"predecessor-version":[{"id":9627,"href":"https:\/\/elmetidosv.com\/index.php?rest_route=\/wp\/v2\/posts\/9625\/revisions\/9627"}],"wp:featuredmedia":[{"embeddable":true,"href":"https:\/\/elmetidosv.com\/index.php?rest_route=\/wp\/v2\/media\/9626"}],"wp:attachment":[{"href":"https:\/\/elmetidosv.com\/index.php?rest_route=%2Fwp%2Fv2%2Fmedia&parent=9625"}],"wp:term":[{"taxonomy":"category","embeddable":true,"href":"https:\/\/elmetidosv.com\/index.php?rest_route=%2Fwp%2Fv2%2Fcategories&post=9625"},{"taxonomy":"post_tag","embeddable":true,"href":"https:\/\/elmetidosv.com\/index.php?rest_route=%2Fwp%2Fv2%2Ftags&post=9625"}],"curies":[{"name":"wp","href":"https:\/\/api.w.org\/{rel}","templated":true}]}}