{"id":9443,"date":"2020-10-13T16:35:00","date_gmt":"2020-10-13T22:35:00","guid":{"rendered":"http:\/\/elmetidosve.com\/?p=9443"},"modified":"2020-10-13T16:35:08","modified_gmt":"2020-10-13T22:35:08","slug":"autoridades-despliegan-operativo-en-santa-ana-ante-leve-aumento-de-hurtos-y-robos","status":"publish","type":"post","link":"https:\/\/elmetidosv.com\/?p=9443","title":{"rendered":"Autoridades despliegan operativo en Santa Ana ante leve aumento de hurtos y robos"},"content":{"rendered":"\n<figure class=\"wp-block-gallery columns-3 is-cropped wp-block-gallery-1 is-layout-flex wp-block-gallery-is-layout-flex\"><ul class=\"blocks-gallery-grid\"><li class=\"blocks-gallery-item\"><figure><img loading=\"lazy\" decoding=\"async\" width=\"360\" height=\"240\" src=\"http:\/\/elmetidosve.com\/wp-content\/uploads\/2020\/10\/0000-105.jpg\" alt=\"\" data-id=\"9444\" data-link=\"http:\/\/elmetidosve.com\/?attachment_id=9444\" class=\"wp-image-9444\" srcset=\"https:\/\/elmetidosv.com\/wp-content\/uploads\/2020\/10\/0000-105.jpg 360w, https:\/\/elmetidosv.com\/wp-content\/uploads\/2020\/10\/0000-105-300x200.jpg 300w\" sizes=\"auto, (max-width: 360px) 100vw, 360px\" \/><\/figure><\/li><li class=\"blocks-gallery-item\"><figure><img loading=\"lazy\" decoding=\"async\" width=\"360\" height=\"240\" src=\"http:\/\/elmetidosve.com\/wp-content\/uploads\/2020\/10\/000-79.jpg\" alt=\"\" data-id=\"9445\" data-link=\"http:\/\/elmetidosve.com\/?attachment_id=9445\" class=\"wp-image-9445\" srcset=\"https:\/\/elmetidosv.com\/wp-content\/uploads\/2020\/10\/000-79.jpg 360w, https:\/\/elmetidosv.com\/wp-content\/uploads\/2020\/10\/000-79-300x200.jpg 300w\" sizes=\"auto, (max-width: 360px) 100vw, 360px\" \/><\/figure><\/li><li class=\"blocks-gallery-item\"><figure><img loading=\"lazy\" decoding=\"async\" width=\"360\" height=\"240\" src=\"http:\/\/elmetidosve.com\/wp-content\/uploads\/2020\/10\/2-13.jpg\" alt=\"\" data-id=\"9446\" data-full-url=\"http:\/\/elmetidosve.com\/wp-content\/uploads\/2020\/10\/2-13.jpg\" data-link=\"http:\/\/elmetidosve.com\/?attachment_id=9446\" class=\"wp-image-9446\" srcset=\"https:\/\/elmetidosv.com\/wp-content\/uploads\/2020\/10\/2-13.jpg 360w, https:\/\/elmetidosv.com\/wp-content\/uploads\/2020\/10\/2-13-300x200.jpg 300w\" sizes=\"auto, (max-width: 360px) 100vw, 360px\" \/><\/figure><\/li><\/ul><\/figure>\n\n\n\n<p>El Gabinete de Seguridad no baja la guardia, y ante un leve aumento de hechos delincuenciales en la ciudad de Santa Ana, han desplegado un amplio operativo para detener a los malhechores y llevar tranquilidad a la ciudadan\u00eda.<\/p>\n\n\n\n<p>El Centro Hist\u00f3rico de la ciudad, mercados y lugares concurridos son los puntos donde la Polic\u00eda Nacional Civil (PNC), junto a la Fuerza Armada, realizan patrullajes preventivos a pie, a\u00e9reos y vehiculares, como parte de las acciones del Plan Control Territorial para minimizar hechos vand\u00e1licos.<\/p>\n\n\n\n<p>Las autoridades destacaron que algunos de los hechos que han tenido un leve repunte en esta ciudad son robos y hurtos; este tipo de actos no est\u00e1n vinculados con otro tipo de hechos relacionados a las estructuras.<\/p>\n\n\n\n<p>\u201cEl Gabinete de Seguridad se mantiene activo y trabajando de manera conjunta, para garantizar la seguridad y bienestar de la poblaci\u00f3n\u201d, public\u00f3 la Secretar\u00eda de Prensa en sus redes sociales.<\/p>\n\n\n\n<p>De acuerdo con las autoridades, desde la puesta en marcha del Plan Control Territorial, m\u00e1s de 20 mil miembros de maras y malhechores han sido detenidos y sacados de las calles.<\/p>\n","protected":false},"excerpt":{"rendered":"<p>El Gabinete de Seguridad no baja la guardia, y ante un leve aumento de hechos delincuenciales en la ciudad de<\/p>\n","protected":false},"author":2,"featured_media":9445,"comment_status":"open","ping_status":"open","sticky":false,"template":"","format":"standard","meta":{"colormag_page_container_layout":"default_layout","colormag_page_sidebar_layout":"default_layout","footnotes":""},"categories":[1],"tags":[],"class_list":["post-9443","post","type-post","status-publish","format-standard","has-post-thumbnail","hentry","category-nacional"],"_links":{"self":[{"href":"https:\/\/elmetidosv.com\/index.php?rest_route=\/wp\/v2\/posts\/9443","targetHints":{"allow":["GET"]}}],"collection":[{"href":"https:\/\/elmetidosv.com\/index.php?rest_route=\/wp\/v2\/posts"}],"about":[{"href":"https:\/\/elmetidosv.com\/index.php?rest_route=\/wp\/v2\/types\/post"}],"author":[{"embeddable":true,"href":"https:\/\/elmetidosv.com\/index.php?rest_route=\/wp\/v2\/users\/2"}],"replies":[{"embeddable":true,"href":"https:\/\/elmetidosv.com\/index.php?rest_route=%2Fwp%2Fv2%2Fcomments&post=9443"}],"version-history":[{"count":1,"href":"https:\/\/elmetidosv.com\/index.php?rest_route=\/wp\/v2\/posts\/9443\/revisions"}],"predecessor-version":[{"id":9447,"href":"https:\/\/elmetidosv.com\/index.php?rest_route=\/wp\/v2\/posts\/9443\/revisions\/9447"}],"wp:featuredmedia":[{"embeddable":true,"href":"https:\/\/elmetidosv.com\/index.php?rest_route=\/wp\/v2\/media\/9445"}],"wp:attachment":[{"href":"https:\/\/elmetidosv.com\/index.php?rest_route=%2Fwp%2Fv2%2Fmedia&parent=9443"}],"wp:term":[{"taxonomy":"category","embeddable":true,"href":"https:\/\/elmetidosv.com\/index.php?rest_route=%2Fwp%2Fv2%2Fcategories&post=9443"},{"taxonomy":"post_tag","embeddable":true,"href":"https:\/\/elmetidosv.com\/index.php?rest_route=%2Fwp%2Fv2%2Ftags&post=9443"}],"curies":[{"name":"wp","href":"https:\/\/api.w.org\/{rel}","templated":true}]}}