{"id":9436,"date":"2020-10-13T16:06:25","date_gmt":"2020-10-13T22:06:25","guid":{"rendered":"http:\/\/elmetidosve.com\/?p=9436"},"modified":"2020-10-13T16:06:32","modified_gmt":"2020-10-13T22:06:32","slug":"personal-de-salud-realiza-busquedas-de-covid-19-casa-por-casa-en-san-miguel","status":"publish","type":"post","link":"https:\/\/elmetidosv.com\/?p=9436","title":{"rendered":"Personal de Salud realiza b\u00fasquedas de Covid-19 casa por casa en San Miguel"},"content":{"rendered":"\n<figure class=\"wp-block-gallery columns-2 is-cropped wp-block-gallery-1 is-layout-flex wp-block-gallery-is-layout-flex\"><ul class=\"blocks-gallery-grid\"><li class=\"blocks-gallery-item\"><figure><img loading=\"lazy\" decoding=\"async\" width=\"600\" height=\"450\" src=\"http:\/\/elmetidosve.com\/wp-content\/uploads\/2020\/10\/0000-103.jpg\" alt=\"\" data-id=\"9437\" data-link=\"http:\/\/elmetidosve.com\/?attachment_id=9437\" class=\"wp-image-9437\" srcset=\"https:\/\/elmetidosv.com\/wp-content\/uploads\/2020\/10\/0000-103.jpg 600w, https:\/\/elmetidosv.com\/wp-content\/uploads\/2020\/10\/0000-103-300x225.jpg 300w\" sizes=\"auto, (max-width: 600px) 100vw, 600px\" \/><\/figure><\/li><li class=\"blocks-gallery-item\"><figure><img loading=\"lazy\" decoding=\"async\" width=\"960\" height=\"633\" src=\"http:\/\/elmetidosve.com\/wp-content\/uploads\/2020\/10\/000-78.jpg\" alt=\"\" data-id=\"9438\" data-full-url=\"http:\/\/elmetidosve.com\/wp-content\/uploads\/2020\/10\/000-78.jpg\" data-link=\"http:\/\/elmetidosve.com\/?attachment_id=9438\" class=\"wp-image-9438\" srcset=\"https:\/\/elmetidosv.com\/wp-content\/uploads\/2020\/10\/000-78.jpg 960w, https:\/\/elmetidosv.com\/wp-content\/uploads\/2020\/10\/000-78-300x198.jpg 300w, https:\/\/elmetidosv.com\/wp-content\/uploads\/2020\/10\/000-78-768x506.jpg 768w\" sizes=\"auto, (max-width: 960px) 100vw, 960px\" \/><\/figure><\/li><\/ul><\/figure>\n\n\n\n<p>Personal m\u00e9dico realiza b\u00fasqueda de casos de coronavirus casa por casa en Ciudad Pac\u00edfica, del departamento de San Miguel, detall\u00f3 esta ma\u00f1ana de martes el Ministerio de Salud.<\/p>\n\n\n\n<p>Lo anterior tiene la finalidad de \u201cllevar atenci\u00f3n m\u00e9dica a diferentes zonas del territorio nacional\u201d, afirman las autoridades.<\/p>\n\n\n\n<p>En la b\u00fasqueda de casos, con el fin de evitar la propagaci\u00f3n de los mismos y garantizar la salud a los ciudadanos, se han implementado acciones como toma de temperatura y medici\u00f3n de saturaci\u00f3n de ox\u00edgeno a los habitantes de San Miguel.<\/p>\n\n\n\n<p>\u201cTambi\u00e9n desarrollamos una jornada de vacunaci\u00f3n, con el objetivo de prevenir todas aquellas enfermedades que afectan la salud de los salvadore\u00f1os. Que todas las personas reciban la atenci\u00f3n que necesitan es uno de los objetivos principales que como instituci\u00f3n deseamos garantizar\u201d, agrega una publicaci\u00f3n del ministerio de Salud.<\/p>\n\n\n\n<p>Cabe destacar que en las \u00faltimas horas se confirm\u00f3 un rebrote de Covid-19 en el pa\u00eds por los casos confirmados en aumento durante los \u00faltimos d\u00edas.<\/p>\n","protected":false},"excerpt":{"rendered":"<p>Personal m\u00e9dico realiza b\u00fasqueda de casos de coronavirus casa por casa en Ciudad Pac\u00edfica, del departamento de San Miguel, detall\u00f3<\/p>\n","protected":false},"author":2,"featured_media":9437,"comment_status":"open","ping_status":"open","sticky":false,"template":"","format":"standard","meta":{"colormag_page_container_layout":"default_layout","colormag_page_sidebar_layout":"default_layout","footnotes":""},"categories":[1],"tags":[],"class_list":["post-9436","post","type-post","status-publish","format-standard","has-post-thumbnail","hentry","category-nacional"],"_links":{"self":[{"href":"https:\/\/elmetidosv.com\/index.php?rest_route=\/wp\/v2\/posts\/9436","targetHints":{"allow":["GET"]}}],"collection":[{"href":"https:\/\/elmetidosv.com\/index.php?rest_route=\/wp\/v2\/posts"}],"about":[{"href":"https:\/\/elmetidosv.com\/index.php?rest_route=\/wp\/v2\/types\/post"}],"author":[{"embeddable":true,"href":"https:\/\/elmetidosv.com\/index.php?rest_route=\/wp\/v2\/users\/2"}],"replies":[{"embeddable":true,"href":"https:\/\/elmetidosv.com\/index.php?rest_route=%2Fwp%2Fv2%2Fcomments&post=9436"}],"version-history":[{"count":1,"href":"https:\/\/elmetidosv.com\/index.php?rest_route=\/wp\/v2\/posts\/9436\/revisions"}],"predecessor-version":[{"id":9439,"href":"https:\/\/elmetidosv.com\/index.php?rest_route=\/wp\/v2\/posts\/9436\/revisions\/9439"}],"wp:featuredmedia":[{"embeddable":true,"href":"https:\/\/elmetidosv.com\/index.php?rest_route=\/wp\/v2\/media\/9437"}],"wp:attachment":[{"href":"https:\/\/elmetidosv.com\/index.php?rest_route=%2Fwp%2Fv2%2Fmedia&parent=9436"}],"wp:term":[{"taxonomy":"category","embeddable":true,"href":"https:\/\/elmetidosv.com\/index.php?rest_route=%2Fwp%2Fv2%2Fcategories&post=9436"},{"taxonomy":"post_tag","embeddable":true,"href":"https:\/\/elmetidosv.com\/index.php?rest_route=%2Fwp%2Fv2%2Ftags&post=9436"}],"curies":[{"name":"wp","href":"https:\/\/api.w.org\/{rel}","templated":true}]}}