{"id":9258,"date":"2020-10-09T12:26:35","date_gmt":"2020-10-09T18:26:35","guid":{"rendered":"http:\/\/elmetidosve.com\/?p=9258"},"modified":"2020-10-09T12:26:46","modified_gmt":"2020-10-09T18:26:46","slug":"fuerte-accidente-vial-sobre-la-carretera-panamericana","status":"publish","type":"post","link":"https:\/\/elmetidosv.com\/?p=9258","title":{"rendered":"Fuerte accidente vial sobre la carretera Panamericana"},"content":{"rendered":"\n<figure class=\"wp-block-gallery columns-2 is-cropped wp-block-gallery-1 is-layout-flex wp-block-gallery-is-layout-flex\"><ul class=\"blocks-gallery-grid\"><li class=\"blocks-gallery-item\"><figure><img loading=\"lazy\" decoding=\"async\" width=\"1024\" height=\"575\" src=\"http:\/\/elmetidosve.com\/wp-content\/uploads\/2020\/10\/0000-67-1024x575.jpg\" alt=\"\" data-id=\"9259\" data-full-url=\"http:\/\/elmetidosve.com\/wp-content\/uploads\/2020\/10\/0000-67.jpg\" data-link=\"http:\/\/elmetidosve.com\/?attachment_id=9259\" class=\"wp-image-9259\" srcset=\"https:\/\/elmetidosv.com\/wp-content\/uploads\/2020\/10\/0000-67-1024x575.jpg 1024w, https:\/\/elmetidosv.com\/wp-content\/uploads\/2020\/10\/0000-67-300x168.jpg 300w, https:\/\/elmetidosv.com\/wp-content\/uploads\/2020\/10\/0000-67-768x431.jpg 768w, https:\/\/elmetidosv.com\/wp-content\/uploads\/2020\/10\/0000-67.jpg 1040w\" sizes=\"auto, (max-width: 1024px) 100vw, 1024px\" \/><\/figure><\/li><li class=\"blocks-gallery-item\"><figure><img loading=\"lazy\" decoding=\"async\" width=\"1024\" height=\"768\" src=\"http:\/\/elmetidosve.com\/wp-content\/uploads\/2020\/10\/000-54-1024x768.jpg\" alt=\"\" data-id=\"9260\" data-full-url=\"http:\/\/elmetidosve.com\/wp-content\/uploads\/2020\/10\/000-54.jpg\" data-link=\"http:\/\/elmetidosve.com\/?attachment_id=9260\" class=\"wp-image-9260\" srcset=\"https:\/\/elmetidosv.com\/wp-content\/uploads\/2020\/10\/000-54-1024x768.jpg 1024w, https:\/\/elmetidosv.com\/wp-content\/uploads\/2020\/10\/000-54-300x225.jpg 300w, https:\/\/elmetidosv.com\/wp-content\/uploads\/2020\/10\/000-54-768x576.jpg 768w, https:\/\/elmetidosv.com\/wp-content\/uploads\/2020\/10\/000-54.jpg 1040w\" sizes=\"auto, (max-width: 1024px) 100vw, 1024px\" \/><\/figure><\/li><\/ul><\/figure>\n\n\n\n<p>Una persona result\u00f3 lesionada, esta ma\u00f1ana de viernes, tras un fuerte accidente registrado sobre la carretera Panamericana, La Libertad.<\/p>\n\n\n\n<p>El hecho tuvo lugar sobre el kil\u00f3metro nueve y medio, en las cercan\u00edas del sector conocido como \u2018v\u00eda Shell\u2019, en el municipio de Santa Tecla.<\/p>\n\n\n\n<p>Se trata de un conductor de un autom\u00f3vil tipo sed\u00e1n placas 842-320, quien perdi\u00f3 el control del veh\u00edculo y se fue a incrustar contra una valla publicitaria.<\/p>\n\n\n\n<p>Tras el fuerte siniestro vial, socorristas de Cruz Roja llegaron a la escena y brindaron los primeros auxilios, luego llevaron a la persona afectada a un centro hospitalario.<\/p>\n","protected":false},"excerpt":{"rendered":"<p>Una persona result\u00f3 lesionada, esta ma\u00f1ana de viernes, tras un fuerte accidente registrado sobre la carretera Panamericana, La Libertad. El<\/p>\n","protected":false},"author":2,"featured_media":9259,"comment_status":"open","ping_status":"open","sticky":false,"template":"","format":"standard","meta":{"colormag_page_container_layout":"default_layout","colormag_page_sidebar_layout":"default_layout","footnotes":""},"categories":[1],"tags":[],"class_list":["post-9258","post","type-post","status-publish","format-standard","has-post-thumbnail","hentry","category-nacional"],"_links":{"self":[{"href":"https:\/\/elmetidosv.com\/index.php?rest_route=\/wp\/v2\/posts\/9258","targetHints":{"allow":["GET"]}}],"collection":[{"href":"https:\/\/elmetidosv.com\/index.php?rest_route=\/wp\/v2\/posts"}],"about":[{"href":"https:\/\/elmetidosv.com\/index.php?rest_route=\/wp\/v2\/types\/post"}],"author":[{"embeddable":true,"href":"https:\/\/elmetidosv.com\/index.php?rest_route=\/wp\/v2\/users\/2"}],"replies":[{"embeddable":true,"href":"https:\/\/elmetidosv.com\/index.php?rest_route=%2Fwp%2Fv2%2Fcomments&post=9258"}],"version-history":[{"count":1,"href":"https:\/\/elmetidosv.com\/index.php?rest_route=\/wp\/v2\/posts\/9258\/revisions"}],"predecessor-version":[{"id":9261,"href":"https:\/\/elmetidosv.com\/index.php?rest_route=\/wp\/v2\/posts\/9258\/revisions\/9261"}],"wp:featuredmedia":[{"embeddable":true,"href":"https:\/\/elmetidosv.com\/index.php?rest_route=\/wp\/v2\/media\/9259"}],"wp:attachment":[{"href":"https:\/\/elmetidosv.com\/index.php?rest_route=%2Fwp%2Fv2%2Fmedia&parent=9258"}],"wp:term":[{"taxonomy":"category","embeddable":true,"href":"https:\/\/elmetidosv.com\/index.php?rest_route=%2Fwp%2Fv2%2Fcategories&post=9258"},{"taxonomy":"post_tag","embeddable":true,"href":"https:\/\/elmetidosv.com\/index.php?rest_route=%2Fwp%2Fv2%2Ftags&post=9258"}],"curies":[{"name":"wp","href":"https:\/\/api.w.org\/{rel}","templated":true}]}}