{"id":9204,"date":"2020-10-08T12:43:33","date_gmt":"2020-10-08T18:43:33","guid":{"rendered":"http:\/\/elmetidosve.com\/?p=9204"},"modified":"2020-10-08T12:43:43","modified_gmt":"2020-10-08T18:43:43","slug":"accidente-de-transito-se-registro-la-manana-de-este-jueves-sobre-el-km-18-de-la-carretera-a-los-chorros","status":"publish","type":"post","link":"https:\/\/elmetidosv.com\/?p=9204","title":{"rendered":"Accidente de tr\u00e1nsito se registr\u00f3 la ma\u00f1ana de este jueves sobre el km 18 de la carretera a los Chorros"},"content":{"rendered":"\n<p>Un fuerte accidente de tr\u00e1nsito se registr\u00f3 la ma\u00f1ana de este jueves sobre el km 18 de la carretera a los Chorros, en sentido a Santa Tecla, en La Libertar.<\/p>\n\n\n\n<p>Seg\u00fan el reporte preliminar, se trata de un motociclista identificado como \u00c1ngel de Jes\u00fas Gald\u00e1mez, de 37 a\u00f1os de edad, quien result\u00f3 lesionado producto del fuete percance vial.<\/p>\n\n\n\n<p>Al lugar se hicieron presentes socorristas de la Cruz Roja Salvadore\u00f1a (CRS), para auxiliar al conductor y trasladarlo en una ambulancia  hacia un centro hospitalario.<\/p>\n\n\n\n<p>Por el momento, se desconocen los motivos principales del accidente, as\u00ed como si hay otros veh\u00edculos involucrados, aunque las autoridades no descartan que la excesiva velocidad haya sido una de las causantes.<\/p>\n\n\n\n<p>Al cierre de esta nota, se desconoce la salud actual del lesionado, as\u00ed como en qu\u00e9 hospital ha sido trasladado.<\/p>\n","protected":false},"excerpt":{"rendered":"<p>Un fuerte accidente de tr\u00e1nsito se registr\u00f3 la ma\u00f1ana de este jueves sobre el km 18 de la carretera a<\/p>\n","protected":false},"author":2,"featured_media":9205,"comment_status":"open","ping_status":"open","sticky":false,"template":"","format":"standard","meta":{"colormag_page_container_layout":"default_layout","colormag_page_sidebar_layout":"default_layout","footnotes":""},"categories":[1],"tags":[],"class_list":["post-9204","post","type-post","status-publish","format-standard","has-post-thumbnail","hentry","category-nacional"],"_links":{"self":[{"href":"https:\/\/elmetidosv.com\/index.php?rest_route=\/wp\/v2\/posts\/9204","targetHints":{"allow":["GET"]}}],"collection":[{"href":"https:\/\/elmetidosv.com\/index.php?rest_route=\/wp\/v2\/posts"}],"about":[{"href":"https:\/\/elmetidosv.com\/index.php?rest_route=\/wp\/v2\/types\/post"}],"author":[{"embeddable":true,"href":"https:\/\/elmetidosv.com\/index.php?rest_route=\/wp\/v2\/users\/2"}],"replies":[{"embeddable":true,"href":"https:\/\/elmetidosv.com\/index.php?rest_route=%2Fwp%2Fv2%2Fcomments&post=9204"}],"version-history":[{"count":1,"href":"https:\/\/elmetidosv.com\/index.php?rest_route=\/wp\/v2\/posts\/9204\/revisions"}],"predecessor-version":[{"id":9206,"href":"https:\/\/elmetidosv.com\/index.php?rest_route=\/wp\/v2\/posts\/9204\/revisions\/9206"}],"wp:featuredmedia":[{"embeddable":true,"href":"https:\/\/elmetidosv.com\/index.php?rest_route=\/wp\/v2\/media\/9205"}],"wp:attachment":[{"href":"https:\/\/elmetidosv.com\/index.php?rest_route=%2Fwp%2Fv2%2Fmedia&parent=9204"}],"wp:term":[{"taxonomy":"category","embeddable":true,"href":"https:\/\/elmetidosv.com\/index.php?rest_route=%2Fwp%2Fv2%2Fcategories&post=9204"},{"taxonomy":"post_tag","embeddable":true,"href":"https:\/\/elmetidosv.com\/index.php?rest_route=%2Fwp%2Fv2%2Ftags&post=9204"}],"curies":[{"name":"wp","href":"https:\/\/api.w.org\/{rel}","templated":true}]}}