{"id":9045,"date":"2020-10-04T15:58:42","date_gmt":"2020-10-04T21:58:42","guid":{"rendered":"http:\/\/elmetidosve.com\/?p=9045"},"modified":"2020-10-04T15:58:50","modified_gmt":"2020-10-04T21:58:50","slug":"121-salvadorenos-mas-recibieron-alta-medica-por-covid-19","status":"publish","type":"post","link":"https:\/\/elmetidosv.com\/?p=9045","title":{"rendered":"121 salvadore\u00f1os m\u00e1s recibieron alta m\u00e9dica por COVID-19"},"content":{"rendered":"\n<p>El Ministerio de Salud extendi\u00f3 el alta m\u00e9dica, este s\u00e1bado, a 121 pacientes m\u00e1s que lograron vencer el COVID-19.<\/p>\n\n\n\n<p>Con estos nuevos casos, la cifra total de las personas recuperadas de la enfermedad en el pa\u00eds asciende a 24,296, un 82% aproximadamente del total de todos los casos confirmados que son 29,450 a la fecha.<\/p>\n\n\n\n<p>Las autoridades de Salud han detallado que el periodo de recuperaci\u00f3n de un paciente es variable. Generalmente un 80% de los pacientes es asintom\u00e1tico, el 15% con s\u00edntomas entre leves a moderados y el 5% presenta complicaciones.<\/p>\n\n\n\n<p>\u201cEl n\u00famero de personas que ha logrado superar la enfermedad en el pa\u00eds es el reflejo del trabajo que d\u00eda con d\u00eda hacen los equipos multidisciplinarios en los hospitales. M\u00e9dicos, personal de enfermer\u00eda, laboratoristas, camilleros, anestesi\u00f3logos, personal de limpieza y administrativo tiene a su cargo salvaguardar la vida de las personas\u201d, reconocieron las autoridades en un comunicado.<\/p>\n\n\n\n<p>Gracias a que el Gobierno del Presidente Bukele se enfoc\u00f3 en reequipar el sistema hospitalario p\u00fablico, cientos de salvadore\u00f1os se han recuperado de la enfermedad con diferentes medicamentos y equipo m\u00e9dico de alta tecnolog\u00eda.<\/p>\n\n\n\n<p>La inversi\u00f3n en modernizar el sistema hospitalario p\u00fablico, de donde se ha recuperado la mayor\u00eda de los pacientes de COVID-19, ha sido uno de los principales aciertos en d\u00e9cadas, han afirmado los expertos en salud.<\/p>\n","protected":false},"excerpt":{"rendered":"<p>El Ministerio de Salud extendi\u00f3 el alta m\u00e9dica, este s\u00e1bado, a 121 pacientes m\u00e1s que lograron vencer el COVID-19. Con<\/p>\n","protected":false},"author":2,"featured_media":8846,"comment_status":"open","ping_status":"open","sticky":false,"template":"","format":"standard","meta":{"colormag_page_container_layout":"default_layout","colormag_page_sidebar_layout":"default_layout","footnotes":""},"categories":[1],"tags":[],"class_list":["post-9045","post","type-post","status-publish","format-standard","has-post-thumbnail","hentry","category-nacional"],"_links":{"self":[{"href":"https:\/\/elmetidosv.com\/index.php?rest_route=\/wp\/v2\/posts\/9045","targetHints":{"allow":["GET"]}}],"collection":[{"href":"https:\/\/elmetidosv.com\/index.php?rest_route=\/wp\/v2\/posts"}],"about":[{"href":"https:\/\/elmetidosv.com\/index.php?rest_route=\/wp\/v2\/types\/post"}],"author":[{"embeddable":true,"href":"https:\/\/elmetidosv.com\/index.php?rest_route=\/wp\/v2\/users\/2"}],"replies":[{"embeddable":true,"href":"https:\/\/elmetidosv.com\/index.php?rest_route=%2Fwp%2Fv2%2Fcomments&post=9045"}],"version-history":[{"count":1,"href":"https:\/\/elmetidosv.com\/index.php?rest_route=\/wp\/v2\/posts\/9045\/revisions"}],"predecessor-version":[{"id":9046,"href":"https:\/\/elmetidosv.com\/index.php?rest_route=\/wp\/v2\/posts\/9045\/revisions\/9046"}],"wp:featuredmedia":[{"embeddable":true,"href":"https:\/\/elmetidosv.com\/index.php?rest_route=\/wp\/v2\/media\/8846"}],"wp:attachment":[{"href":"https:\/\/elmetidosv.com\/index.php?rest_route=%2Fwp%2Fv2%2Fmedia&parent=9045"}],"wp:term":[{"taxonomy":"category","embeddable":true,"href":"https:\/\/elmetidosv.com\/index.php?rest_route=%2Fwp%2Fv2%2Fcategories&post=9045"},{"taxonomy":"post_tag","embeddable":true,"href":"https:\/\/elmetidosv.com\/index.php?rest_route=%2Fwp%2Fv2%2Ftags&post=9045"}],"curies":[{"name":"wp","href":"https:\/\/api.w.org\/{rel}","templated":true}]}}