{"id":9008,"date":"2020-10-03T13:09:03","date_gmt":"2020-10-03T19:09:03","guid":{"rendered":"http:\/\/elmetidosve.com\/?p=9008"},"modified":"2020-10-03T13:09:10","modified_gmt":"2020-10-03T19:09:10","slug":"por-4-meses-paso-vehicular-sera-restringido-en-el-desvio-de-opico-por-construccion-de-periferico-claudia-lars","status":"publish","type":"post","link":"https:\/\/elmetidosv.com\/?p=9008","title":{"rendered":"Por 4 meses, paso vehicular ser\u00e1 restringido en el desv\u00edo de Opico por construcci\u00f3n de Perif\u00e9rico Claudia Lars"},"content":{"rendered":"\n<figure class=\"wp-block-gallery columns-3 is-cropped wp-block-gallery-1 is-layout-flex wp-block-gallery-is-layout-flex\"><ul class=\"blocks-gallery-grid\"><li class=\"blocks-gallery-item\"><figure><img loading=\"lazy\" decoding=\"async\" width=\"240\" height=\"135\" src=\"http:\/\/elmetidosve.com\/wp-content\/uploads\/2020\/10\/0000-18.jpg\" alt=\"\" data-id=\"9009\" data-full-url=\"http:\/\/elmetidosve.com\/wp-content\/uploads\/2020\/10\/0000-18.jpg\" data-link=\"http:\/\/elmetidosve.com\/?attachment_id=9009\" class=\"wp-image-9009\"\/><\/figure><\/li><li class=\"blocks-gallery-item\"><figure><img loading=\"lazy\" decoding=\"async\" width=\"240\" height=\"166\" src=\"http:\/\/elmetidosve.com\/wp-content\/uploads\/2020\/10\/000-14.jpg\" alt=\"\" data-id=\"9010\" data-full-url=\"http:\/\/elmetidosve.com\/wp-content\/uploads\/2020\/10\/000-14.jpg\" data-link=\"http:\/\/elmetidosve.com\/?attachment_id=9010\" class=\"wp-image-9010\" srcset=\"https:\/\/elmetidosv.com\/wp-content\/uploads\/2020\/10\/000-14.jpg 240w, https:\/\/elmetidosv.com\/wp-content\/uploads\/2020\/10\/000-14-130x90.jpg 130w\" sizes=\"auto, (max-width: 240px) 100vw, 240px\" \/><\/figure><\/li><li class=\"blocks-gallery-item\"><figure><img loading=\"lazy\" decoding=\"async\" width=\"360\" height=\"203\" src=\"http:\/\/elmetidosve.com\/wp-content\/uploads\/2020\/10\/1.jpg\" alt=\"\" data-id=\"9012\" data-full-url=\"http:\/\/elmetidosve.com\/wp-content\/uploads\/2020\/10\/1.jpg\" data-link=\"http:\/\/elmetidosve.com\/?attachment_id=9012\" class=\"wp-image-9012\" srcset=\"https:\/\/elmetidosv.com\/wp-content\/uploads\/2020\/10\/1.jpg 360w, https:\/\/elmetidosv.com\/wp-content\/uploads\/2020\/10\/1-300x169.jpg 300w\" sizes=\"auto, (max-width: 360px) 100vw, 360px\" \/><\/figure><\/li><\/ul><\/figure>\n\n\n\n<p>El ministro de Obras P\u00fablicas, Romeo Rodr\u00edguez, inspeccion\u00f3 este s\u00e1bado los trabajos en la construcci\u00f3n del Perif\u00e9rico Claudia Lars, el cual forma parte de un plan maestro de infraestructura vial para agilizar el tr\u00e1nsito de mercanc\u00edas hacia el occidente del pa\u00eds.<\/p>\n\n\n\n<p>De acuerdo con las autoridades, en el desv\u00edo de Opico, se realizar\u00e1 un intercambiador por fases: La primera fase es la construcci\u00f3n de una rotonda; y la segunda, pasos elevados (que se est\u00e1n dise\u00f1ando).<\/p>\n\n\n\n<p>\u201cLa construcci\u00f3n de la rotonda finalizar\u00e1 en el primer trimestre de 2021. Mientras tanto, en los primeros d\u00edas tendremos restricciones de circulaci\u00f3n. Pero a la vez, trabajamos para habilitar lo m\u00e1s pronto posible carriles adicionales para mejorar el flujo vehicular\u201d, explic\u00f3 el ministro Romeo.<\/p>\n\n\n\n<p>Agregando que \u201cen la zona, tendremos gestores de tr\u00e1fico y personal del Ministerio de Obras P\u00fablicas, para garantizar la seguridad vial en la zona. Ser\u00e1 un par de meses, pero estoy seguro que valdr\u00e1 la pena\u201d, dijo.<\/p>\n\n\n\n<p>Este nuevo proyecto es parte de acuerdo de inversi\u00f3n firmado entre FOMILENIO II, el MOP y varias empresas ubicadas en la zona. La inversi\u00f3n privada asciende a $34.2 millones para la expansi\u00f3n de sus operaciones y FOMILENIO invierte $30 millones, incluido el estudio, dise\u00f1o, supervisi\u00f3n, compra de terrenos y la construcci\u00f3n de la obra.<\/p>\n","protected":false},"excerpt":{"rendered":"<p>El ministro de Obras P\u00fablicas, Romeo Rodr\u00edguez, inspeccion\u00f3 este s\u00e1bado los trabajos en la construcci\u00f3n del Perif\u00e9rico Claudia Lars, el<\/p>\n","protected":false},"author":2,"featured_media":9012,"comment_status":"open","ping_status":"open","sticky":false,"template":"","format":"standard","meta":{"colormag_page_container_layout":"default_layout","colormag_page_sidebar_layout":"default_layout","footnotes":""},"categories":[1],"tags":[],"class_list":["post-9008","post","type-post","status-publish","format-standard","has-post-thumbnail","hentry","category-nacional"],"_links":{"self":[{"href":"https:\/\/elmetidosv.com\/index.php?rest_route=\/wp\/v2\/posts\/9008","targetHints":{"allow":["GET"]}}],"collection":[{"href":"https:\/\/elmetidosv.com\/index.php?rest_route=\/wp\/v2\/posts"}],"about":[{"href":"https:\/\/elmetidosv.com\/index.php?rest_route=\/wp\/v2\/types\/post"}],"author":[{"embeddable":true,"href":"https:\/\/elmetidosv.com\/index.php?rest_route=\/wp\/v2\/users\/2"}],"replies":[{"embeddable":true,"href":"https:\/\/elmetidosv.com\/index.php?rest_route=%2Fwp%2Fv2%2Fcomments&post=9008"}],"version-history":[{"count":1,"href":"https:\/\/elmetidosv.com\/index.php?rest_route=\/wp\/v2\/posts\/9008\/revisions"}],"predecessor-version":[{"id":9013,"href":"https:\/\/elmetidosv.com\/index.php?rest_route=\/wp\/v2\/posts\/9008\/revisions\/9013"}],"wp:featuredmedia":[{"embeddable":true,"href":"https:\/\/elmetidosv.com\/index.php?rest_route=\/wp\/v2\/media\/9012"}],"wp:attachment":[{"href":"https:\/\/elmetidosv.com\/index.php?rest_route=%2Fwp%2Fv2%2Fmedia&parent=9008"}],"wp:term":[{"taxonomy":"category","embeddable":true,"href":"https:\/\/elmetidosv.com\/index.php?rest_route=%2Fwp%2Fv2%2Fcategories&post=9008"},{"taxonomy":"post_tag","embeddable":true,"href":"https:\/\/elmetidosv.com\/index.php?rest_route=%2Fwp%2Fv2%2Ftags&post=9008"}],"curies":[{"name":"wp","href":"https:\/\/api.w.org\/{rel}","templated":true}]}}