{"id":8941,"date":"2020-10-02T14:27:31","date_gmt":"2020-10-02T20:27:31","guid":{"rendered":"http:\/\/elmetidosve.com\/?p=8941"},"modified":"2020-10-02T14:27:38","modified_gmt":"2020-10-02T20:27:38","slug":"cabinas-moviles-eice-visitan-hoy-jujutla-en-ahuachapan","status":"publish","type":"post","link":"https:\/\/elmetidosv.com\/?p=8941","title":{"rendered":"Cabinas Moviles EICE visitan hoy Jujutla en Ahuachapan."},"content":{"rendered":"\n<figure class=\"wp-block-image size-large\"><img loading=\"lazy\" decoding=\"async\" width=\"1024\" height=\"682\" src=\"http:\/\/elmetidosve.com\/wp-content\/uploads\/2020\/10\/0000000-1-1024x682.jpg\" alt=\"\" class=\"wp-image-8943\" srcset=\"https:\/\/elmetidosv.com\/wp-content\/uploads\/2020\/10\/0000000-1-1024x682.jpg 1024w, https:\/\/elmetidosv.com\/wp-content\/uploads\/2020\/10\/0000000-1-300x200.jpg 300w, https:\/\/elmetidosv.com\/wp-content\/uploads\/2020\/10\/0000000-1-768x512.jpg 768w, https:\/\/elmetidosv.com\/wp-content\/uploads\/2020\/10\/0000000-1.jpg 1280w\" sizes=\"auto, (max-width: 1024px) 100vw, 1024px\" \/><\/figure>\n\n\n\n<p> Las cabinas m\u00f3viles recorren todo el pa\u00eds para realizar pruebas comunitarias a la poblaci\u00f3n y poder detectar casos de <a href=\"https:\/\/www.facebook.com\/hashtag\/covid19?__eep__=6&amp;__cft__[0]=AZXH42DpmwnxPD0b1Kr6JlEbf42SjBPZ6Vl8dHJ6hWcCaXWIDyJBF8Y7C8Qy-bupe6_-ZPokIHRJCdqt9-UtKamvXAo9fvnURoT8qd4g8PYsF1XsRlts_r0Wnsc-aK8CML5jBKp2NVtxklOXOs5prU7VaNs_YWnA62UVXSi1YwpHHreolfo7MEpgoslINZpceBY&amp;__tn__=*NK-R\">#COVID19<\/a>. <\/p>\n\n\n\n<figure class=\"wp-block-image size-large\"><img loading=\"lazy\" decoding=\"async\" width=\"1024\" height=\"682\" src=\"http:\/\/elmetidosve.com\/wp-content\/uploads\/2020\/10\/000000-2-1024x682.jpg\" alt=\"\" class=\"wp-image-8945\" srcset=\"https:\/\/elmetidosv.com\/wp-content\/uploads\/2020\/10\/000000-2-1024x682.jpg 1024w, https:\/\/elmetidosv.com\/wp-content\/uploads\/2020\/10\/000000-2-300x200.jpg 300w, https:\/\/elmetidosv.com\/wp-content\/uploads\/2020\/10\/000000-2-768x512.jpg 768w, https:\/\/elmetidosv.com\/wp-content\/uploads\/2020\/10\/000000-2.jpg 1280w\" sizes=\"auto, (max-width: 1024px) 100vw, 1024px\" \/><\/figure>\n\n\n\n<p>Hoy, se encontran en Jujutla, Ahuachap\u00e1n.Con el apoyo de la poblaci\u00f3n que cumple todas las medidas preventivas, la toma de pruebas de realiza con normalidad; por cada salvadore\u00f1o, el proceso dura aproximadamente 10 minutos. <\/p>\n\n\n\n<p> Todas las estrategias de prevenci\u00f3n contra esta pandemia nos ha permitido que los casos se mantengan con tendencia a la baja. Trabajando juntos, evitaremos un rebrote de esta enfermedad. <\/p>\n\n\n\n<figure class=\"wp-block-image size-large\"><img loading=\"lazy\" decoding=\"async\" width=\"1024\" height=\"682\" src=\"http:\/\/elmetidosve.com\/wp-content\/uploads\/2020\/10\/00000000-1-1024x682.jpg\" alt=\"\" class=\"wp-image-8944\" srcset=\"https:\/\/elmetidosv.com\/wp-content\/uploads\/2020\/10\/00000000-1-1024x682.jpg 1024w, https:\/\/elmetidosv.com\/wp-content\/uploads\/2020\/10\/00000000-1-300x200.jpg 300w, https:\/\/elmetidosv.com\/wp-content\/uploads\/2020\/10\/00000000-1-768x512.jpg 768w, https:\/\/elmetidosv.com\/wp-content\/uploads\/2020\/10\/00000000-1.jpg 1280w\" sizes=\"auto, (max-width: 1024px) 100vw, 1024px\" \/><\/figure>\n","protected":false},"excerpt":{"rendered":"<p>Las cabinas m\u00f3viles recorren todo el pa\u00eds para realizar pruebas comunitarias a la poblaci\u00f3n y poder detectar casos de #COVID19.<\/p>\n","protected":false},"author":1,"featured_media":8942,"comment_status":"open","ping_status":"open","sticky":false,"template":"","format":"standard","meta":{"colormag_page_container_layout":"default_layout","colormag_page_sidebar_layout":"default_layout","footnotes":""},"categories":[1],"tags":[],"class_list":["post-8941","post","type-post","status-publish","format-standard","has-post-thumbnail","hentry","category-nacional"],"_links":{"self":[{"href":"https:\/\/elmetidosv.com\/index.php?rest_route=\/wp\/v2\/posts\/8941","targetHints":{"allow":["GET"]}}],"collection":[{"href":"https:\/\/elmetidosv.com\/index.php?rest_route=\/wp\/v2\/posts"}],"about":[{"href":"https:\/\/elmetidosv.com\/index.php?rest_route=\/wp\/v2\/types\/post"}],"author":[{"embeddable":true,"href":"https:\/\/elmetidosv.com\/index.php?rest_route=\/wp\/v2\/users\/1"}],"replies":[{"embeddable":true,"href":"https:\/\/elmetidosv.com\/index.php?rest_route=%2Fwp%2Fv2%2Fcomments&post=8941"}],"version-history":[{"count":1,"href":"https:\/\/elmetidosv.com\/index.php?rest_route=\/wp\/v2\/posts\/8941\/revisions"}],"predecessor-version":[{"id":8946,"href":"https:\/\/elmetidosv.com\/index.php?rest_route=\/wp\/v2\/posts\/8941\/revisions\/8946"}],"wp:featuredmedia":[{"embeddable":true,"href":"https:\/\/elmetidosv.com\/index.php?rest_route=\/wp\/v2\/media\/8942"}],"wp:attachment":[{"href":"https:\/\/elmetidosv.com\/index.php?rest_route=%2Fwp%2Fv2%2Fmedia&parent=8941"}],"wp:term":[{"taxonomy":"category","embeddable":true,"href":"https:\/\/elmetidosv.com\/index.php?rest_route=%2Fwp%2Fv2%2Fcategories&post=8941"},{"taxonomy":"post_tag","embeddable":true,"href":"https:\/\/elmetidosv.com\/index.php?rest_route=%2Fwp%2Fv2%2Ftags&post=8941"}],"curies":[{"name":"wp","href":"https:\/\/api.w.org\/{rel}","templated":true}]}}