{"id":8902,"date":"2020-10-01T16:22:10","date_gmt":"2020-10-01T22:22:10","guid":{"rendered":"http:\/\/elmetidosve.com\/?p=8902"},"modified":"2020-10-01T16:22:19","modified_gmt":"2020-10-01T22:22:19","slug":"esta-tarde-sobre-la-carretera-troncal-del-norte-una-persona-perdio-la-vida-tras-sufrir-un-aparatoso-accidente-vial","status":"publish","type":"post","link":"https:\/\/elmetidosv.com\/?p=8902","title":{"rendered":"Esta tarde sobre la carretera Troncal del Norte, una persona perdi\u00f3 la vida tras sufrir un aparatoso accidente vial"},"content":{"rendered":"\n<p>Un lamentable hecho se registra esta tarde sobre la carretera Troncal del Norte, en donde una persona perdi\u00f3 la vida tras sufrir un aparatoso accidente vial.<\/p>\n\n\n\n<p>Preliminarmente se conoce que la victima es una mujer que se conduc\u00eda a bordo de una motocicleta sobre el kil\u00f3metro 15 de dicha carretera, en la jurisdicci\u00f3n del municipio de Apopa.<\/p>\n\n\n\n<p>Im\u00e1genes que circulan en las redes sociales se observa a la motocicleta completamente destrozada.<\/p>\n\n\n\n<p>Por el momento un carril esta parcialmente cerrado debido a que las autoridades realizan las respectivas investigaciones.<\/p>\n","protected":false},"excerpt":{"rendered":"<p>Un lamentable hecho se registra esta tarde sobre la carretera Troncal del Norte, en donde una persona perdi\u00f3 la vida<\/p>\n","protected":false},"author":2,"featured_media":8903,"comment_status":"open","ping_status":"open","sticky":false,"template":"","format":"standard","meta":{"colormag_page_container_layout":"default_layout","colormag_page_sidebar_layout":"default_layout","footnotes":""},"categories":[1],"tags":[],"class_list":["post-8902","post","type-post","status-publish","format-standard","has-post-thumbnail","hentry","category-nacional"],"_links":{"self":[{"href":"https:\/\/elmetidosv.com\/index.php?rest_route=\/wp\/v2\/posts\/8902","targetHints":{"allow":["GET"]}}],"collection":[{"href":"https:\/\/elmetidosv.com\/index.php?rest_route=\/wp\/v2\/posts"}],"about":[{"href":"https:\/\/elmetidosv.com\/index.php?rest_route=\/wp\/v2\/types\/post"}],"author":[{"embeddable":true,"href":"https:\/\/elmetidosv.com\/index.php?rest_route=\/wp\/v2\/users\/2"}],"replies":[{"embeddable":true,"href":"https:\/\/elmetidosv.com\/index.php?rest_route=%2Fwp%2Fv2%2Fcomments&post=8902"}],"version-history":[{"count":1,"href":"https:\/\/elmetidosv.com\/index.php?rest_route=\/wp\/v2\/posts\/8902\/revisions"}],"predecessor-version":[{"id":8904,"href":"https:\/\/elmetidosv.com\/index.php?rest_route=\/wp\/v2\/posts\/8902\/revisions\/8904"}],"wp:featuredmedia":[{"embeddable":true,"href":"https:\/\/elmetidosv.com\/index.php?rest_route=\/wp\/v2\/media\/8903"}],"wp:attachment":[{"href":"https:\/\/elmetidosv.com\/index.php?rest_route=%2Fwp%2Fv2%2Fmedia&parent=8902"}],"wp:term":[{"taxonomy":"category","embeddable":true,"href":"https:\/\/elmetidosv.com\/index.php?rest_route=%2Fwp%2Fv2%2Fcategories&post=8902"},{"taxonomy":"post_tag","embeddable":true,"href":"https:\/\/elmetidosv.com\/index.php?rest_route=%2Fwp%2Fv2%2Ftags&post=8902"}],"curies":[{"name":"wp","href":"https:\/\/api.w.org\/{rel}","templated":true}]}}