{"id":8830,"date":"2020-09-30T17:19:54","date_gmt":"2020-09-30T23:19:54","guid":{"rendered":"http:\/\/elmetidosve.com\/?p=8830"},"modified":"2020-09-30T17:20:02","modified_gmt":"2020-09-30T23:20:02","slug":"encuentran-sin-vida-a-indigente-abajo-de-paso-a-desnivel-de-san-salvador","status":"publish","type":"post","link":"https:\/\/elmetidosv.com\/?p=8830","title":{"rendered":"Encuentran sin vida a indigente abajo de paso a desnivel de San Salvador"},"content":{"rendered":"\n<figure class=\"wp-block-gallery columns-2 is-cropped wp-block-gallery-1 is-layout-flex wp-block-gallery-is-layout-flex\"><ul class=\"blocks-gallery-grid\"><li class=\"blocks-gallery-item\"><figure><img loading=\"lazy\" decoding=\"async\" width=\"383\" height=\"680\" src=\"http:\/\/elmetidosve.com\/wp-content\/uploads\/2020\/09\/0000-194.jpg\" alt=\"\" data-id=\"8831\" data-full-url=\"http:\/\/elmetidosve.com\/wp-content\/uploads\/2020\/09\/0000-194.jpg\" data-link=\"http:\/\/elmetidosve.com\/?attachment_id=8831\" class=\"wp-image-8831\" srcset=\"https:\/\/elmetidosv.com\/wp-content\/uploads\/2020\/09\/0000-194.jpg 383w, https:\/\/elmetidosv.com\/wp-content\/uploads\/2020\/09\/0000-194-169x300.jpg 169w\" sizes=\"auto, (max-width: 383px) 100vw, 383px\" \/><\/figure><\/li><li class=\"blocks-gallery-item\"><figure><img loading=\"lazy\" decoding=\"async\" width=\"383\" height=\"680\" src=\"http:\/\/elmetidosve.com\/wp-content\/uploads\/2020\/09\/000-115.jpg\" alt=\"\" data-id=\"8832\" data-full-url=\"http:\/\/elmetidosve.com\/wp-content\/uploads\/2020\/09\/000-115.jpg\" data-link=\"http:\/\/elmetidosve.com\/?attachment_id=8832\" class=\"wp-image-8832\" srcset=\"https:\/\/elmetidosv.com\/wp-content\/uploads\/2020\/09\/000-115.jpg 383w, https:\/\/elmetidosv.com\/wp-content\/uploads\/2020\/09\/000-115-169x300.jpg 169w\" sizes=\"auto, (max-width: 383px) 100vw, 383px\" \/><\/figure><\/li><\/ul><\/figure>\n\n\n\n<p>Un indigente fue encontrado sin vida, ayer martes, abajo del paso a desnivel del bulevar Venezuela, inform\u00f3 la Polic\u00eda Nacional Civil (PNC).<\/p>\n\n\n\n<p>El hombre, de 40 a\u00f1os aproximadamente, viv\u00eda abajo del paso a desnivel que conecta dicho bulevar con la avenida Cuscatl\u00e1n ,en el Barrio Candelaria, San Salvador.<\/p>\n\n\n\n<p>Algunos testigos pensaron que el sujeto estaba dormido pero al ver que no despertaba se le acercaron y se percataron que no respiraba.<\/p>\n\n\n\n<p>Seg\u00fan el reporte de las autoridades, el sujeto no ten\u00eda lesiones provocadas por arma de fuego o blanca, presuntamente padec\u00eda de una enfermedad en el h\u00edgado.<\/p>\n","protected":false},"excerpt":{"rendered":"<p>Un indigente fue encontrado sin vida, ayer martes, abajo del paso a desnivel del bulevar Venezuela, inform\u00f3 la Polic\u00eda Nacional<\/p>\n","protected":false},"author":2,"featured_media":8832,"comment_status":"open","ping_status":"open","sticky":false,"template":"","format":"standard","meta":{"colormag_page_container_layout":"default_layout","colormag_page_sidebar_layout":"default_layout","footnotes":""},"categories":[1],"tags":[],"class_list":["post-8830","post","type-post","status-publish","format-standard","has-post-thumbnail","hentry","category-nacional"],"_links":{"self":[{"href":"https:\/\/elmetidosv.com\/index.php?rest_route=\/wp\/v2\/posts\/8830","targetHints":{"allow":["GET"]}}],"collection":[{"href":"https:\/\/elmetidosv.com\/index.php?rest_route=\/wp\/v2\/posts"}],"about":[{"href":"https:\/\/elmetidosv.com\/index.php?rest_route=\/wp\/v2\/types\/post"}],"author":[{"embeddable":true,"href":"https:\/\/elmetidosv.com\/index.php?rest_route=\/wp\/v2\/users\/2"}],"replies":[{"embeddable":true,"href":"https:\/\/elmetidosv.com\/index.php?rest_route=%2Fwp%2Fv2%2Fcomments&post=8830"}],"version-history":[{"count":1,"href":"https:\/\/elmetidosv.com\/index.php?rest_route=\/wp\/v2\/posts\/8830\/revisions"}],"predecessor-version":[{"id":8833,"href":"https:\/\/elmetidosv.com\/index.php?rest_route=\/wp\/v2\/posts\/8830\/revisions\/8833"}],"wp:featuredmedia":[{"embeddable":true,"href":"https:\/\/elmetidosv.com\/index.php?rest_route=\/wp\/v2\/media\/8832"}],"wp:attachment":[{"href":"https:\/\/elmetidosv.com\/index.php?rest_route=%2Fwp%2Fv2%2Fmedia&parent=8830"}],"wp:term":[{"taxonomy":"category","embeddable":true,"href":"https:\/\/elmetidosv.com\/index.php?rest_route=%2Fwp%2Fv2%2Fcategories&post=8830"},{"taxonomy":"post_tag","embeddable":true,"href":"https:\/\/elmetidosv.com\/index.php?rest_route=%2Fwp%2Fv2%2Ftags&post=8830"}],"curies":[{"name":"wp","href":"https:\/\/api.w.org\/{rel}","templated":true}]}}