{"id":8812,"date":"2020-09-29T17:31:54","date_gmt":"2020-09-29T23:31:54","guid":{"rendered":"http:\/\/elmetidosve.com\/?p=8812"},"modified":"2020-09-29T17:32:02","modified_gmt":"2020-09-29T23:32:02","slug":"13-salvadorenos-mas-reciben-el-alta-medica-de-covid-19-en-el-hospital-el-salvador-2","status":"publish","type":"post","link":"https:\/\/elmetidosv.com\/?p=8812","title":{"rendered":"13 salvadore\u00f1os m\u00e1s reciben el alta m\u00e9dica de COVID-19 en el Hospital El Salvador"},"content":{"rendered":"\n<figure class=\"wp-block-gallery columns-2 is-cropped wp-block-gallery-1 is-layout-flex wp-block-gallery-is-layout-flex\"><ul class=\"blocks-gallery-grid\"><li class=\"blocks-gallery-item\"><figure><img loading=\"lazy\" decoding=\"async\" width=\"360\" height=\"272\" src=\"http:\/\/elmetidosve.com\/wp-content\/uploads\/2020\/09\/0000-189.jpg\" alt=\"\" data-id=\"8813\" data-full-url=\"http:\/\/elmetidosve.com\/wp-content\/uploads\/2020\/09\/0000-189.jpg\" data-link=\"http:\/\/elmetidosve.com\/?attachment_id=8813\" class=\"wp-image-8813\" srcset=\"https:\/\/elmetidosv.com\/wp-content\/uploads\/2020\/09\/0000-189.jpg 360w, https:\/\/elmetidosv.com\/wp-content\/uploads\/2020\/09\/0000-189-300x227.jpg 300w\" sizes=\"auto, (max-width: 360px) 100vw, 360px\" \/><\/figure><\/li><li class=\"blocks-gallery-item\"><figure><img loading=\"lazy\" decoding=\"async\" width=\"360\" height=\"284\" src=\"http:\/\/elmetidosve.com\/wp-content\/uploads\/2020\/09\/000-111.jpg\" alt=\"\" data-id=\"8814\" data-full-url=\"http:\/\/elmetidosve.com\/wp-content\/uploads\/2020\/09\/000-111.jpg\" data-link=\"http:\/\/elmetidosve.com\/?attachment_id=8814\" class=\"wp-image-8814\" srcset=\"https:\/\/elmetidosv.com\/wp-content\/uploads\/2020\/09\/000-111.jpg 360w, https:\/\/elmetidosv.com\/wp-content\/uploads\/2020\/09\/000-111-300x237.jpg 300w\" sizes=\"auto, (max-width: 360px) 100vw, 360px\" \/><\/figure><\/li><\/ul><\/figure>\n\n\n\n<p>El Hospital El Salvador inform\u00f3 este martes en su cuenta de Twitter, que 13 salvadore\u00f1os recibieron el alta m\u00e9dica de COVID-19 tras recibir el protocolo de salud.<\/p>\n\n\n\n<p>Los recuperados eran esperados por sus familiares afuera del nosocomio, para regresar a sus hogares, los cuales recibieron un kit m\u00e9dico, detallaron autoridades del hospital.<\/p>\n\n\n\n<p>Los pacientes recuperados pasaran un estricta cuarentena de 15 d\u00edas y despu\u00e9s de ese tiempo pueden donar plasma convaleciente, con el objetivo de salvar m\u00e1s vidas de esta enfermedad.<\/p>\n\n\n\n<p>El centro hospitalario fue inaugurado por el presidente de la Rep\u00fablica, Nayib Bukele, el pasado 22 de junio y reporta m\u00e1s de 1,100 altas m\u00e9dicas desde su inauguraci\u00f3n.<\/p>\n\n\n\n<p>Seg\u00fan el sitio web,covid19.gob.sv, se contabilizan 23,685 personas que han vencido la enfermedad, desde que el pa\u00eds registr\u00f3 su primer caso en marzo en el municipio de Metap\u00e1n, del departamento de Santa Ana.<\/p>\n","protected":false},"excerpt":{"rendered":"<p>El Hospital El Salvador inform\u00f3 este martes en su cuenta de Twitter, que 13 salvadore\u00f1os recibieron el alta m\u00e9dica de<\/p>\n","protected":false},"author":2,"featured_media":8813,"comment_status":"open","ping_status":"open","sticky":false,"template":"","format":"standard","meta":{"colormag_page_container_layout":"default_layout","colormag_page_sidebar_layout":"default_layout","footnotes":""},"categories":[1],"tags":[],"class_list":["post-8812","post","type-post","status-publish","format-standard","has-post-thumbnail","hentry","category-nacional"],"_links":{"self":[{"href":"https:\/\/elmetidosv.com\/index.php?rest_route=\/wp\/v2\/posts\/8812","targetHints":{"allow":["GET"]}}],"collection":[{"href":"https:\/\/elmetidosv.com\/index.php?rest_route=\/wp\/v2\/posts"}],"about":[{"href":"https:\/\/elmetidosv.com\/index.php?rest_route=\/wp\/v2\/types\/post"}],"author":[{"embeddable":true,"href":"https:\/\/elmetidosv.com\/index.php?rest_route=\/wp\/v2\/users\/2"}],"replies":[{"embeddable":true,"href":"https:\/\/elmetidosv.com\/index.php?rest_route=%2Fwp%2Fv2%2Fcomments&post=8812"}],"version-history":[{"count":1,"href":"https:\/\/elmetidosv.com\/index.php?rest_route=\/wp\/v2\/posts\/8812\/revisions"}],"predecessor-version":[{"id":8815,"href":"https:\/\/elmetidosv.com\/index.php?rest_route=\/wp\/v2\/posts\/8812\/revisions\/8815"}],"wp:featuredmedia":[{"embeddable":true,"href":"https:\/\/elmetidosv.com\/index.php?rest_route=\/wp\/v2\/media\/8813"}],"wp:attachment":[{"href":"https:\/\/elmetidosv.com\/index.php?rest_route=%2Fwp%2Fv2%2Fmedia&parent=8812"}],"wp:term":[{"taxonomy":"category","embeddable":true,"href":"https:\/\/elmetidosv.com\/index.php?rest_route=%2Fwp%2Fv2%2Fcategories&post=8812"},{"taxonomy":"post_tag","embeddable":true,"href":"https:\/\/elmetidosv.com\/index.php?rest_route=%2Fwp%2Fv2%2Ftags&post=8812"}],"curies":[{"name":"wp","href":"https:\/\/api.w.org\/{rel}","templated":true}]}}