{"id":8771,"date":"2020-09-28T17:15:39","date_gmt":"2020-09-28T23:15:39","guid":{"rendered":"http:\/\/elmetidosve.com\/?p=8771"},"modified":"2020-09-28T17:15:46","modified_gmt":"2020-09-28T23:15:46","slug":"gobierno-anuncia-conclusion-de-los-cercos-sanitarios-en-san-francisco-gotera-y-santa-rosa-de-lima-por-el-covid-19","status":"publish","type":"post","link":"https:\/\/elmetidosv.com\/?p=8771","title":{"rendered":"Gobierno anuncia conclusi\u00f3n de los cercos sanitarios en San Francisco Gotera y Santa Rosa de Lima por el COVID-19"},"content":{"rendered":"\n<figure class=\"wp-block-image\"><img decoding=\"async\" src=\"https:\/\/pbs.twimg.com\/media\/EjBmlUbXsAEdU0x?format=jpg&amp;name=small\" alt=\"Imagen\"\/><\/figure>\n\n\n\n<p>El Gobierno del Presidente de la Rep\u00fablica, Nayib Bukele, anunci\u00f3 que los cercos sanitarios instalados en los municipios de San Francisco Gotera, de Moraz\u00e1n, y Santa Rosa de Lima, de La Uni\u00f3n, fueron cancelados para evitar posibles contagios de COVID-19.<\/p>\n\n\n\n<p>Durante el cerco sanitario que dur\u00f3 72 horas en ambos municipios del oriente del pa\u00eds, las personas no pod\u00edan salir de sus hogares, con el objetivo de no aumentar m\u00e1s casos por esta enfermedad.<\/p>\n\n\n\n<p>Adem\u00e1s, el Gobierno realiz\u00f3 1,000 pruebas de PCR (Reacci\u00f3n en Cadena de la Polimerasa por sus siglas en ingl\u00e9s) por cada jurisdicci\u00f3n como entrega de paquetes alimentarios como medidas preventivas y ayudar a las familias afectadas.<\/p>\n\n\n\n<p>El Presidente de la Rep\u00fablica, Nayib Bukele, afirm\u00f3 en su cuenta de Twitter que el pa\u00eds esta pasando por una nueva reducci\u00f3n de contagios de COVID-19.<\/p>\n\n\n\n<p>\u201cMantengamos los n\u00fameros a la baja. Todo depende de nuestra responsabilidad personal. Si tienes s\u00edntomas, llama gratis al 132. Te enviaremos medicamentos a la puerta de tu casa y te daremos instrucciones de que hacer\u201d, asegur\u00f3 Bukele.<\/p>\n\n\n\n<p>Seg\u00fan el portal web, covid19.gob.sv, en el pa\u00eds se contabilizan 28,809 casos desde que se registr\u00f3 el primer caso en marzo pasado en el municipio de Metap\u00e1n, del departamento de Santa Ana . De esta cifra se han recuperado 23,317 personas.<\/p>\n","protected":false},"excerpt":{"rendered":"<p>El Gobierno del Presidente de la Rep\u00fablica, Nayib Bukele, anunci\u00f3 que los cercos sanitarios instalados en los municipios de San<\/p>\n","protected":false},"author":2,"featured_media":8772,"comment_status":"open","ping_status":"open","sticky":false,"template":"","format":"standard","meta":{"colormag_page_container_layout":"default_layout","colormag_page_sidebar_layout":"default_layout","footnotes":""},"categories":[1],"tags":[],"class_list":["post-8771","post","type-post","status-publish","format-standard","has-post-thumbnail","hentry","category-nacional"],"_links":{"self":[{"href":"https:\/\/elmetidosv.com\/index.php?rest_route=\/wp\/v2\/posts\/8771","targetHints":{"allow":["GET"]}}],"collection":[{"href":"https:\/\/elmetidosv.com\/index.php?rest_route=\/wp\/v2\/posts"}],"about":[{"href":"https:\/\/elmetidosv.com\/index.php?rest_route=\/wp\/v2\/types\/post"}],"author":[{"embeddable":true,"href":"https:\/\/elmetidosv.com\/index.php?rest_route=\/wp\/v2\/users\/2"}],"replies":[{"embeddable":true,"href":"https:\/\/elmetidosv.com\/index.php?rest_route=%2Fwp%2Fv2%2Fcomments&post=8771"}],"version-history":[{"count":1,"href":"https:\/\/elmetidosv.com\/index.php?rest_route=\/wp\/v2\/posts\/8771\/revisions"}],"predecessor-version":[{"id":8773,"href":"https:\/\/elmetidosv.com\/index.php?rest_route=\/wp\/v2\/posts\/8771\/revisions\/8773"}],"wp:featuredmedia":[{"embeddable":true,"href":"https:\/\/elmetidosv.com\/index.php?rest_route=\/wp\/v2\/media\/8772"}],"wp:attachment":[{"href":"https:\/\/elmetidosv.com\/index.php?rest_route=%2Fwp%2Fv2%2Fmedia&parent=8771"}],"wp:term":[{"taxonomy":"category","embeddable":true,"href":"https:\/\/elmetidosv.com\/index.php?rest_route=%2Fwp%2Fv2%2Fcategories&post=8771"},{"taxonomy":"post_tag","embeddable":true,"href":"https:\/\/elmetidosv.com\/index.php?rest_route=%2Fwp%2Fv2%2Ftags&post=8771"}],"curies":[{"name":"wp","href":"https:\/\/api.w.org\/{rel}","templated":true}]}}