{"id":8768,"date":"2020-09-28T17:06:39","date_gmt":"2020-09-28T23:06:39","guid":{"rendered":"http:\/\/elmetidosve.com\/?p=8768"},"modified":"2020-09-28T17:06:48","modified_gmt":"2020-09-28T23:06:48","slug":"autobus-cae-en-un-barranco-y-cobra-la-vida-de-19-personas-en-el-norte-de-posoti-bolivia","status":"publish","type":"post","link":"https:\/\/elmetidosv.com\/?p=8768","title":{"rendered":"Autob\u00fas cae en un barranco y cobra la vida de 19 personas en el norte de Posot\u00ed, Bolivia"},"content":{"rendered":"\n<p>Un brutal y tr\u00e1gico accidente de tr\u00e1nsito cobr\u00f3 la vida de, al menos, 19 personas durante el fin de semana en el norte de Posot\u00ed, Bolivia, informaron las autoridades locales.<\/p>\n\n\n\n<p>Se trat\u00f3 de un autob\u00fas colectivo que cay\u00f3 en un barranco en la carretera de Llallagua a Mart\u00edn Cala, aproximadamente a las 5:00 de la ma\u00f1ana. Un sobreviviente alert\u00f3 a las autoridades, por lo que se presentaron y constataron la tragedia.<\/p>\n\n\n\n<p>El comandante policial, Jos\u00e9 Cuevas, afirm\u00f3: \u201cTenemos que reportar que lamentablemente 19 personas han fallecido y otras 17 se encuentran heridas, los mismos fueron trasladados al hospital de Llallagua, en este momento est\u00e1n con diagn\u00f3stico reservado\u201d.<\/p>\n\n\n\n<p>Adem\u00e1s, detall\u00f3 que el transporte, al parecer, muy antiguo, recorr\u00eda su ruta con gran velocidad.<\/p>\n\n\n\n<p>Todo apunta a que la causa del accidente fue la imprudencia del conductor, el cual se encuentra entre las 19 v\u00edctimas.<\/p>\n","protected":false},"excerpt":{"rendered":"<p>Un brutal y tr\u00e1gico accidente de tr\u00e1nsito cobr\u00f3 la vida de, al menos, 19 personas durante el fin de semana<\/p>\n","protected":false},"author":2,"featured_media":8769,"comment_status":"open","ping_status":"open","sticky":false,"template":"","format":"standard","meta":{"colormag_page_container_layout":"default_layout","colormag_page_sidebar_layout":"default_layout","footnotes":""},"categories":[3],"tags":[],"class_list":["post-8768","post","type-post","status-publish","format-standard","has-post-thumbnail","hentry","category-internacional"],"_links":{"self":[{"href":"https:\/\/elmetidosv.com\/index.php?rest_route=\/wp\/v2\/posts\/8768","targetHints":{"allow":["GET"]}}],"collection":[{"href":"https:\/\/elmetidosv.com\/index.php?rest_route=\/wp\/v2\/posts"}],"about":[{"href":"https:\/\/elmetidosv.com\/index.php?rest_route=\/wp\/v2\/types\/post"}],"author":[{"embeddable":true,"href":"https:\/\/elmetidosv.com\/index.php?rest_route=\/wp\/v2\/users\/2"}],"replies":[{"embeddable":true,"href":"https:\/\/elmetidosv.com\/index.php?rest_route=%2Fwp%2Fv2%2Fcomments&post=8768"}],"version-history":[{"count":1,"href":"https:\/\/elmetidosv.com\/index.php?rest_route=\/wp\/v2\/posts\/8768\/revisions"}],"predecessor-version":[{"id":8770,"href":"https:\/\/elmetidosv.com\/index.php?rest_route=\/wp\/v2\/posts\/8768\/revisions\/8770"}],"wp:featuredmedia":[{"embeddable":true,"href":"https:\/\/elmetidosv.com\/index.php?rest_route=\/wp\/v2\/media\/8769"}],"wp:attachment":[{"href":"https:\/\/elmetidosv.com\/index.php?rest_route=%2Fwp%2Fv2%2Fmedia&parent=8768"}],"wp:term":[{"taxonomy":"category","embeddable":true,"href":"https:\/\/elmetidosv.com\/index.php?rest_route=%2Fwp%2Fv2%2Fcategories&post=8768"},{"taxonomy":"post_tag","embeddable":true,"href":"https:\/\/elmetidosv.com\/index.php?rest_route=%2Fwp%2Fv2%2Ftags&post=8768"}],"curies":[{"name":"wp","href":"https:\/\/api.w.org\/{rel}","templated":true}]}}