{"id":8666,"date":"2020-09-25T15:44:25","date_gmt":"2020-09-25T21:44:25","guid":{"rendered":"http:\/\/elmetidosve.com\/?p=8666"},"modified":"2020-09-25T15:45:49","modified_gmt":"2020-09-25T21:45:49","slug":"un-hombre-pierde-la-vida-en-accidente-de-transito-en-cojutepeque","status":"publish","type":"post","link":"https:\/\/elmetidosv.com\/?p=8666","title":{"rendered":"Esta ma\u00f1ana un hombre pierde la vida en accidente de tr\u00e1nsito en Cojutepeque"},"content":{"rendered":"\n<figure class=\"wp-block-gallery columns-2 is-cropped wp-block-gallery-1 is-layout-flex wp-block-gallery-is-layout-flex\"><ul class=\"blocks-gallery-grid\"><li class=\"blocks-gallery-item\"><figure><img loading=\"lazy\" decoding=\"async\" width=\"450\" height=\"600\" src=\"http:\/\/elmetidosve.com\/wp-content\/uploads\/2020\/09\/0000-156.jpg\" alt=\"\" data-id=\"8667\" data-full-url=\"http:\/\/elmetidosve.com\/wp-content\/uploads\/2020\/09\/0000-156.jpg\" data-link=\"http:\/\/elmetidosve.com\/?attachment_id=8667\" class=\"wp-image-8667\" srcset=\"https:\/\/elmetidosv.com\/wp-content\/uploads\/2020\/09\/0000-156.jpg 450w, https:\/\/elmetidosv.com\/wp-content\/uploads\/2020\/09\/0000-156-225x300.jpg 225w\" sizes=\"auto, (max-width: 450px) 100vw, 450px\" \/><\/figure><\/li><li class=\"blocks-gallery-item\"><figure><img loading=\"lazy\" decoding=\"async\" width=\"450\" height=\"600\" src=\"http:\/\/elmetidosve.com\/wp-content\/uploads\/2020\/09\/000-88.jpg\" alt=\"\" data-id=\"8668\" data-full-url=\"http:\/\/elmetidosve.com\/wp-content\/uploads\/2020\/09\/000-88.jpg\" data-link=\"http:\/\/elmetidosve.com\/?attachment_id=8668\" class=\"wp-image-8668\" srcset=\"https:\/\/elmetidosv.com\/wp-content\/uploads\/2020\/09\/000-88.jpg 450w, https:\/\/elmetidosv.com\/wp-content\/uploads\/2020\/09\/000-88-225x300.jpg 225w\" sizes=\"auto, (max-width: 450px) 100vw, 450px\" \/><\/figure><\/li><\/ul><\/figure>\n\n\n\n<p>Un hombre perdi\u00f3 la vida la ma\u00f1ana de este viernes en un accidente de tr\u00e1nsito que se registr\u00f3 en el kil\u00f3metro 24 de la carretera Panamericana, del municipio de Cojutepeque en el departamento de Cuscatl\u00e1n, detall\u00f3 el informativo Noticias Menotty.<\/p>\n\n\n\n<p>Seg\u00fan los primeros reportes, la v\u00edctima no ha sido identificada, al parecer viajaba en un cami\u00f3n que transportaba verduras, el cual a quedado volcado en la v\u00eda hacia Cojutepeque.<\/p>\n\n\n\n<p>En el lugar se encuentran agentes de la Divisi\u00f3n de Tr\u00e1nsito de la Polic\u00eda Nacional Civil (PNC) para determinar la causa del percance vial.<\/p>\n\n\n\n<p>Ayer jueves fueron reportado varios accidentes de tr\u00e1nsitos en diferentes lugares del pa\u00eds, uno de ellos fue reportado sobre la alameda Juan Pablo II y 10a. avenida Norte de San Salvador, el cual se reportaron seis lesionados.<\/p>\n\n\n\n<p>Seg\u00fan los reportes de las autoridades de Tr\u00e1nsito, el irrespeto a la se\u00f1al del sem\u00e1foro fue la causa de la colisi\u00f3n entre un autom\u00f3vil y un pick up. Los lesionados fueron auxiliados por socorristas de Comandos de Salvamento.<br><br><\/p>\n","protected":false},"excerpt":{"rendered":"<p>Un hombre perdi\u00f3 la vida la ma\u00f1ana de este viernes en un accidente de tr\u00e1nsito que se registr\u00f3 en el<\/p>\n","protected":false},"author":2,"featured_media":8667,"comment_status":"open","ping_status":"open","sticky":false,"template":"","format":"standard","meta":{"colormag_page_container_layout":"default_layout","colormag_page_sidebar_layout":"default_layout","footnotes":""},"categories":[1],"tags":[],"class_list":["post-8666","post","type-post","status-publish","format-standard","has-post-thumbnail","hentry","category-nacional"],"_links":{"self":[{"href":"https:\/\/elmetidosv.com\/index.php?rest_route=\/wp\/v2\/posts\/8666","targetHints":{"allow":["GET"]}}],"collection":[{"href":"https:\/\/elmetidosv.com\/index.php?rest_route=\/wp\/v2\/posts"}],"about":[{"href":"https:\/\/elmetidosv.com\/index.php?rest_route=\/wp\/v2\/types\/post"}],"author":[{"embeddable":true,"href":"https:\/\/elmetidosv.com\/index.php?rest_route=\/wp\/v2\/users\/2"}],"replies":[{"embeddable":true,"href":"https:\/\/elmetidosv.com\/index.php?rest_route=%2Fwp%2Fv2%2Fcomments&post=8666"}],"version-history":[{"count":2,"href":"https:\/\/elmetidosv.com\/index.php?rest_route=\/wp\/v2\/posts\/8666\/revisions"}],"predecessor-version":[{"id":8670,"href":"https:\/\/elmetidosv.com\/index.php?rest_route=\/wp\/v2\/posts\/8666\/revisions\/8670"}],"wp:featuredmedia":[{"embeddable":true,"href":"https:\/\/elmetidosv.com\/index.php?rest_route=\/wp\/v2\/media\/8667"}],"wp:attachment":[{"href":"https:\/\/elmetidosv.com\/index.php?rest_route=%2Fwp%2Fv2%2Fmedia&parent=8666"}],"wp:term":[{"taxonomy":"category","embeddable":true,"href":"https:\/\/elmetidosv.com\/index.php?rest_route=%2Fwp%2Fv2%2Fcategories&post=8666"},{"taxonomy":"post_tag","embeddable":true,"href":"https:\/\/elmetidosv.com\/index.php?rest_route=%2Fwp%2Fv2%2Ftags&post=8666"}],"curies":[{"name":"wp","href":"https:\/\/api.w.org\/{rel}","templated":true}]}}