{"id":8657,"date":"2020-09-25T15:07:14","date_gmt":"2020-09-25T21:07:14","guid":{"rendered":"http:\/\/elmetidosve.com\/?p=8657"},"modified":"2020-09-25T15:07:22","modified_gmt":"2020-09-25T21:07:22","slug":"pnc-captura-a-51-criminales-acusados-de-graves-cargos","status":"publish","type":"post","link":"https:\/\/elmetidosv.com\/?p=8657","title":{"rendered":"PNC captura a 51 criminales acusados de graves cargos"},"content":{"rendered":"\n<figure class=\"wp-block-gallery columns-2 is-cropped wp-block-gallery-1 is-layout-flex wp-block-gallery-is-layout-flex\"><ul class=\"blocks-gallery-grid\"><li class=\"blocks-gallery-item\"><figure><img loading=\"lazy\" decoding=\"async\" width=\"680\" height=\"446\" src=\"http:\/\/elmetidosve.com\/wp-content\/uploads\/2020\/09\/0000-154.jpg\" alt=\"\" data-id=\"8658\" data-full-url=\"http:\/\/elmetidosve.com\/wp-content\/uploads\/2020\/09\/0000-154.jpg\" data-link=\"http:\/\/elmetidosve.com\/?attachment_id=8658\" class=\"wp-image-8658\" srcset=\"https:\/\/elmetidosv.com\/wp-content\/uploads\/2020\/09\/0000-154.jpg 680w, https:\/\/elmetidosv.com\/wp-content\/uploads\/2020\/09\/0000-154-300x197.jpg 300w\" sizes=\"auto, (max-width: 680px) 100vw, 680px\" \/><\/figure><\/li><li class=\"blocks-gallery-item\"><figure><img loading=\"lazy\" decoding=\"async\" width=\"680\" height=\"306\" src=\"http:\/\/elmetidosve.com\/wp-content\/uploads\/2020\/09\/000-85.jpg\" alt=\"\" data-id=\"8659\" data-full-url=\"http:\/\/elmetidosve.com\/wp-content\/uploads\/2020\/09\/000-85.jpg\" data-link=\"http:\/\/elmetidosve.com\/?attachment_id=8659\" class=\"wp-image-8659\" srcset=\"https:\/\/elmetidosv.com\/wp-content\/uploads\/2020\/09\/000-85.jpg 680w, https:\/\/elmetidosv.com\/wp-content\/uploads\/2020\/09\/000-85-300x135.jpg 300w\" sizes=\"auto, (max-width: 680px) 100vw, 680px\" \/><\/figure><\/li><\/ul><\/figure>\n\n\n\n<p>51 sujetos, entre estos miembros de estructuras terroristas, fueron capturados en las \u00faltimas horas, inform\u00f3, este viernes, la Polic\u00eda Nacional Civil (PNC).<\/p>\n\n\n\n<p>Autoridades manifestaron que los delincuentes fueron aprehendidos mediante \u00f3rdenes administrativas por arrebatarles la vida a personas, \u2018aprovecharse\u2019 de mujeres, ocupaci\u00f3n ilegal de inmueble, y otros.<\/p>\n\n\n\n<p>\u201cVelamos por la seguridad p\u00fablica sacando de circulaci\u00f3n a estos criminales a nivel nacional\u201d, dijo la PNC tras el operativo.<\/p>\n\n\n\n<p><\/p>\n","protected":false},"excerpt":{"rendered":"<p>51 sujetos, entre estos miembros de estructuras terroristas, fueron capturados en las \u00faltimas horas, inform\u00f3, este viernes, la Polic\u00eda Nacional<\/p>\n","protected":false},"author":2,"featured_media":8660,"comment_status":"open","ping_status":"open","sticky":false,"template":"","format":"standard","meta":{"colormag_page_container_layout":"default_layout","colormag_page_sidebar_layout":"default_layout","footnotes":""},"categories":[1],"tags":[],"class_list":["post-8657","post","type-post","status-publish","format-standard","has-post-thumbnail","hentry","category-nacional"],"_links":{"self":[{"href":"https:\/\/elmetidosv.com\/index.php?rest_route=\/wp\/v2\/posts\/8657","targetHints":{"allow":["GET"]}}],"collection":[{"href":"https:\/\/elmetidosv.com\/index.php?rest_route=\/wp\/v2\/posts"}],"about":[{"href":"https:\/\/elmetidosv.com\/index.php?rest_route=\/wp\/v2\/types\/post"}],"author":[{"embeddable":true,"href":"https:\/\/elmetidosv.com\/index.php?rest_route=\/wp\/v2\/users\/2"}],"replies":[{"embeddable":true,"href":"https:\/\/elmetidosv.com\/index.php?rest_route=%2Fwp%2Fv2%2Fcomments&post=8657"}],"version-history":[{"count":1,"href":"https:\/\/elmetidosv.com\/index.php?rest_route=\/wp\/v2\/posts\/8657\/revisions"}],"predecessor-version":[{"id":8661,"href":"https:\/\/elmetidosv.com\/index.php?rest_route=\/wp\/v2\/posts\/8657\/revisions\/8661"}],"wp:featuredmedia":[{"embeddable":true,"href":"https:\/\/elmetidosv.com\/index.php?rest_route=\/wp\/v2\/media\/8660"}],"wp:attachment":[{"href":"https:\/\/elmetidosv.com\/index.php?rest_route=%2Fwp%2Fv2%2Fmedia&parent=8657"}],"wp:term":[{"taxonomy":"category","embeddable":true,"href":"https:\/\/elmetidosv.com\/index.php?rest_route=%2Fwp%2Fv2%2Fcategories&post=8657"},{"taxonomy":"post_tag","embeddable":true,"href":"https:\/\/elmetidosv.com\/index.php?rest_route=%2Fwp%2Fv2%2Ftags&post=8657"}],"curies":[{"name":"wp","href":"https:\/\/api.w.org\/{rel}","templated":true}]}}