{"id":8633,"date":"2020-09-24T16:23:12","date_gmt":"2020-09-24T22:23:12","guid":{"rendered":"http:\/\/elmetidosve.com\/?p=8633"},"modified":"2020-09-24T16:26:13","modified_gmt":"2020-09-24T22:26:13","slug":"alcaldias-de-arena-y-fmln-protestan-este-dia","status":"publish","type":"post","link":"https:\/\/elmetidosv.com\/?p=8633","title":{"rendered":"Alcald\u00edas de ARENA y FMLN protestan este dia"},"content":{"rendered":"\n<figure class=\"wp-block-gallery columns-2 is-cropped wp-block-gallery-1 is-layout-flex wp-block-gallery-is-layout-flex\"><ul class=\"blocks-gallery-grid\"><li class=\"blocks-gallery-item\"><figure><img loading=\"lazy\" decoding=\"async\" width=\"680\" height=\"510\" src=\"http:\/\/elmetidosve.com\/wp-content\/uploads\/2020\/09\/0000-149.jpg\" alt=\"\" data-id=\"8634\" data-full-url=\"http:\/\/elmetidosve.com\/wp-content\/uploads\/2020\/09\/0000-149.jpg\" data-link=\"http:\/\/elmetidosve.com\/?attachment_id=8634\" class=\"wp-image-8634\" srcset=\"https:\/\/elmetidosv.com\/wp-content\/uploads\/2020\/09\/0000-149.jpg 680w, https:\/\/elmetidosv.com\/wp-content\/uploads\/2020\/09\/0000-149-300x225.jpg 300w\" sizes=\"auto, (max-width: 680px) 100vw, 680px\" \/><\/figure><\/li><li class=\"blocks-gallery-item\"><figure><img loading=\"lazy\" decoding=\"async\" width=\"680\" height=\"510\" src=\"http:\/\/elmetidosve.com\/wp-content\/uploads\/2020\/09\/000-81.jpg\" alt=\"\" data-id=\"8635\" data-full-url=\"http:\/\/elmetidosve.com\/wp-content\/uploads\/2020\/09\/000-81.jpg\" data-link=\"http:\/\/elmetidosve.com\/?attachment_id=8635\" class=\"wp-image-8635\" srcset=\"https:\/\/elmetidosv.com\/wp-content\/uploads\/2020\/09\/000-81.jpg 680w, https:\/\/elmetidosv.com\/wp-content\/uploads\/2020\/09\/000-81-300x225.jpg 300w\" sizes=\"auto, (max-width: 680px) 100vw, 680px\" \/><\/figure><\/li><\/ul><\/figure>\n\n\n\n<p>Alcald\u00edas de ARENA y el FMLN movilizaron a sus empleados esta ma\u00f1ana de jueves para exigir al Ministerio de Hacienda la entrega de $75 millones. Ante ello, diferentes sectores se han visto con protestas en calles.<\/p>\n\n\n\n<p>De esta forma, trabajadores municipales de diferentes alcald\u00edas del pa\u00eds acudieron al Boulevard Los H\u00e9roes, frente al Ministerio de Hacienda, exigiendo el pago.<\/p>\n\n\n\n<p>Algunos alcaldes que acompa\u00f1aron la protesta manifestaron el descontento con el Ejecutivo porque no se les ha entregado el millonario monto que ser\u00eda del Fondo para el Desarrollo Econ\u00f3mico y Social (FODES).<\/p>\n\n\n\n<p>El alcalde de Jucuar\u00e1n por el partido FMLN, Boanerges Carranza, dijo que la falta del pago afecta a los m\u00e1s vulnerables. \u201cNos estamos viendo obligados a paralizar todos esos programas sociales que son para los m\u00e1s pobres de este pa\u00eds\u201d, afirm\u00f3.<\/p>\n\n\n\n<p>Por su parte, el ministro de Hacienda, Alejandro Zelaya, manifest\u00f3 que es lamentable que los alcaldes enga\u00f1en a los empleados municipales para reunirse y hacer un mitin pol\u00edtico.<\/p>\n\n\n\n<p>\u201cLes aclaro, el FODES no es para pagar salarios, no les mientan a sus empleados\u201d, detall\u00f3 el funcionario ante los se\u00f1alamientos que realizan los ediles de afectar el funcionamiento de las comunas.<\/p>\n\n\n\n<p>En plena pandemia de COVID-19, los alcaldes de ARENA y el FMLN decidieron unirse y mandar a protestar a sus empleados municipales frente al Ministerio de Hacienda, en el lugar conocido como Las Tres Torres.<\/p>\n\n\n\n<p>Los alcaldes exigen que se les entreguen millones de d\u00f3lares correspondientes al Fondo para el Desarrollo Econ\u00f3mico y Social (FODES).<\/p>\n\n\n\n<p>Boanerges Carranza, Alcalde de Jucuar\u00e1n por el FMLN, afirm\u00f3 que si el Gobierno no paga esos millones de d\u00f3lares a las alcald\u00edas, los m\u00e1s afectados ser\u00edan las personas pobres de las comunidades donde ellos supuestamente tienen proyectos.<\/p>\n\n\n\n<p>\u201cNosotros vamos a defender los intereses de los ciudadanos a toda costa. No nos vamos a dejar amedrentar\u201d, expres\u00f3 Carraza a trav\u00e9s de una parlante, mientras recib\u00eda aplausos de seguidores de ARENA y el FMLN juntos.<\/p>\n\n\n\n<p>Por su parte, el alcalde de Rosario de Mora, Galileo P\u00e9rez ,advirti\u00f3 que no se retirar\u00e1n del lugar hasta que el ministro de Hacienda les confirme que les entregar\u00e1n los millones de d\u00f3lares.<\/p>\n\n\n\n<p>Hasta este jueves, en El Salvador se reportan 28,201 casos confirmados de COVID-19 de los cuales 5,052 se mantienen activos. Adem\u00e1s, se registran 22,326 recuperados y 823 fallecidos.<\/p>\n\n\n\n<p>Las autoridades de Salud se mantienen en alerta ante una posible segunda ola de contagios en el pa\u00eds.<\/p>\n","protected":false},"excerpt":{"rendered":"<p>Alcald\u00edas de ARENA y el FMLN movilizaron a sus empleados esta ma\u00f1ana de jueves para exigir al Ministerio de Hacienda<\/p>\n","protected":false},"author":2,"featured_media":8635,"comment_status":"open","ping_status":"open","sticky":false,"template":"","format":"standard","meta":{"colormag_page_container_layout":"default_layout","colormag_page_sidebar_layout":"default_layout","footnotes":""},"categories":[1],"tags":[],"class_list":["post-8633","post","type-post","status-publish","format-standard","has-post-thumbnail","hentry","category-nacional"],"_links":{"self":[{"href":"https:\/\/elmetidosv.com\/index.php?rest_route=\/wp\/v2\/posts\/8633","targetHints":{"allow":["GET"]}}],"collection":[{"href":"https:\/\/elmetidosv.com\/index.php?rest_route=\/wp\/v2\/posts"}],"about":[{"href":"https:\/\/elmetidosv.com\/index.php?rest_route=\/wp\/v2\/types\/post"}],"author":[{"embeddable":true,"href":"https:\/\/elmetidosv.com\/index.php?rest_route=\/wp\/v2\/users\/2"}],"replies":[{"embeddable":true,"href":"https:\/\/elmetidosv.com\/index.php?rest_route=%2Fwp%2Fv2%2Fcomments&post=8633"}],"version-history":[{"count":2,"href":"https:\/\/elmetidosv.com\/index.php?rest_route=\/wp\/v2\/posts\/8633\/revisions"}],"predecessor-version":[{"id":8638,"href":"https:\/\/elmetidosv.com\/index.php?rest_route=\/wp\/v2\/posts\/8633\/revisions\/8638"}],"wp:featuredmedia":[{"embeddable":true,"href":"https:\/\/elmetidosv.com\/index.php?rest_route=\/wp\/v2\/media\/8635"}],"wp:attachment":[{"href":"https:\/\/elmetidosv.com\/index.php?rest_route=%2Fwp%2Fv2%2Fmedia&parent=8633"}],"wp:term":[{"taxonomy":"category","embeddable":true,"href":"https:\/\/elmetidosv.com\/index.php?rest_route=%2Fwp%2Fv2%2Fcategories&post=8633"},{"taxonomy":"post_tag","embeddable":true,"href":"https:\/\/elmetidosv.com\/index.php?rest_route=%2Fwp%2Fv2%2Ftags&post=8633"}],"curies":[{"name":"wp","href":"https:\/\/api.w.org\/{rel}","templated":true}]}}