{"id":863,"date":"2020-03-18T16:28:53","date_gmt":"2020-03-18T22:28:53","guid":{"rendered":"http:\/\/elmetidosve.com\/?p=863"},"modified":"2020-03-18T16:29:00","modified_gmt":"2020-03-18T22:29:00","slug":"costa-rica-confirma-69-casos-de-covid-19","status":"publish","type":"post","link":"https:\/\/elmetidosv.com\/?p=863","title":{"rendered":"Costa Rica confirma 69 casos de COVID-19"},"content":{"rendered":"\n<figure class=\"wp-block-image\"><img decoding=\"async\" src=\"https:\/\/pbs.twimg.com\/media\/ETacrfcXQAETxeX?format=jpg&amp;name=medium\" alt=\"\"\/><\/figure>\n\n\n\n<p>Las autoridades de Salud de Costa Rica anunciaron este mi\u00e9rcoles un aumento de 19 en los casos confirmados de COVID-19, pasando de 50 confirmados el martes a 69. La edad de los pacientes va de 8 a los 87 a\u00f1os. Se trata de 30 mujeres y 39 hombres, 63 costarricenses y 6 extranjeros.<\/p>\n\n\n\n<p>El medio informativo crhoy.com detall\u00f3 que se registran casos positivos en 25 cantones de cinco provincias: San Jos\u00e9, Heredia, Guanacaste, Alajuela y Cartago. Puntarenas y Lim\u00f3n contin\u00faan sin casos. Por edad tenemos: 57 adultos, 7 adultos mayores y 5 menores. A este momento se han descartado 855 personas. Siete personas se encuentran internadas, tres de ellas en cuidados intensivos.<\/p>\n\n\n\n<p>Existen cinco conglomerados de contagio, uno en Alajuela que es el responsable de 25 de las transmisiones, otro en Escaz\u00fa que tiene nueve contagios relacionados, otro foco en P\u00e9rez Zeled\u00f3n con tres casos, uno en Desamparados con seis casos y los extranjeros en Escaz\u00fa que fueron los primeros diagnosticados. El resto son casos aislados. A\u00fan existen seis casos donde se investiga su nexo epidemiol\u00f3gico.<\/p>\n\n\n\n<p>\u201cEn l\u00ednea con lo recomendado por la Organizaci\u00f3n Mundial de la Salud, lo m\u00e1s importante es hacer pruebas, pruebas y m\u00e1s pruebas. Por ello es vital aprovechar la estructura que tiene nuestro sistema de salud para caminar hacia la habilitaci\u00f3n de la prueba diagn\u00f3stica de COVID-19 a nivel nacional\u201d, enfatiz\u00f3 el Ministro de Salud costarricense, Daniel Salas.<\/p>\n","protected":false},"excerpt":{"rendered":"<p>Las autoridades de Salud de Costa Rica anunciaron este mi\u00e9rcoles un aumento de 19 en los casos confirmados de COVID-19,<\/p>\n","protected":false},"author":1,"featured_media":864,"comment_status":"open","ping_status":"open","sticky":false,"template":"","format":"standard","meta":{"colormag_page_container_layout":"default_layout","colormag_page_sidebar_layout":"default_layout","footnotes":""},"categories":[3],"tags":[],"class_list":["post-863","post","type-post","status-publish","format-standard","has-post-thumbnail","hentry","category-internacional"],"_links":{"self":[{"href":"https:\/\/elmetidosv.com\/index.php?rest_route=\/wp\/v2\/posts\/863","targetHints":{"allow":["GET"]}}],"collection":[{"href":"https:\/\/elmetidosv.com\/index.php?rest_route=\/wp\/v2\/posts"}],"about":[{"href":"https:\/\/elmetidosv.com\/index.php?rest_route=\/wp\/v2\/types\/post"}],"author":[{"embeddable":true,"href":"https:\/\/elmetidosv.com\/index.php?rest_route=\/wp\/v2\/users\/1"}],"replies":[{"embeddable":true,"href":"https:\/\/elmetidosv.com\/index.php?rest_route=%2Fwp%2Fv2%2Fcomments&post=863"}],"version-history":[{"count":1,"href":"https:\/\/elmetidosv.com\/index.php?rest_route=\/wp\/v2\/posts\/863\/revisions"}],"predecessor-version":[{"id":865,"href":"https:\/\/elmetidosv.com\/index.php?rest_route=\/wp\/v2\/posts\/863\/revisions\/865"}],"wp:featuredmedia":[{"embeddable":true,"href":"https:\/\/elmetidosv.com\/index.php?rest_route=\/wp\/v2\/media\/864"}],"wp:attachment":[{"href":"https:\/\/elmetidosv.com\/index.php?rest_route=%2Fwp%2Fv2%2Fmedia&parent=863"}],"wp:term":[{"taxonomy":"category","embeddable":true,"href":"https:\/\/elmetidosv.com\/index.php?rest_route=%2Fwp%2Fv2%2Fcategories&post=863"},{"taxonomy":"post_tag","embeddable":true,"href":"https:\/\/elmetidosv.com\/index.php?rest_route=%2Fwp%2Fv2%2Ftags&post=863"}],"curies":[{"name":"wp","href":"https:\/\/api.w.org\/{rel}","templated":true}]}}