{"id":8623,"date":"2020-09-24T16:05:54","date_gmt":"2020-09-24T22:05:54","guid":{"rendered":"http:\/\/elmetidosve.com\/?p=8623"},"modified":"2020-09-24T16:06:01","modified_gmt":"2020-09-24T22:06:01","slug":"en-san-vicente-panadero-pierde-la-vida-en-fuerte-accidente","status":"publish","type":"post","link":"https:\/\/elmetidosv.com\/?p=8623","title":{"rendered":"En San Vicente panadero pierde la vida en fuerte accidente"},"content":{"rendered":"\n<p>La ma\u00f1ana de este jueves, sobre la carretera Litoral, un hombre perdi\u00f3 la vida en un fuerte accidente de tr\u00e1nsito mientras se encontraba trabajando.<\/p>\n\n\n\n<p>Se trata de un motociclista quien, seg\u00fan reportes ciudadanos, se dedicaba a vender para poder llevar sustento a su familia.<\/p>\n\n\n\n<p>El siniestro vial ocurri\u00f3 sobre el kil\u00f3metro 74, a la altura del cant\u00f3n Santa Cruz Porrillo, en el municipio de Tecoluca, del departamento de San Vicente.<\/p>\n\n\n\n<p>De acuerdo con Noticias Menotty, el hombre, quien a\u00fan no ha sido identificado, se accident\u00f3 contra un cami\u00f3n, perdiendo la vida en el lugar.<\/p>\n\n\n\n<p>Oficiales de la Divisi\u00f3n de Tr\u00e1nsito Terrestre de la Polic\u00eda Nacional Civil (PNC) llegaron a la zona indagar sobre el hecho y deducir responsabilidades del mismo.<\/p>\n","protected":false},"excerpt":{"rendered":"<p>La ma\u00f1ana de este jueves, sobre la carretera Litoral, un hombre perdi\u00f3 la vida en un fuerte accidente de tr\u00e1nsito<\/p>\n","protected":false},"author":2,"featured_media":8624,"comment_status":"open","ping_status":"open","sticky":false,"template":"","format":"standard","meta":{"colormag_page_container_layout":"default_layout","colormag_page_sidebar_layout":"default_layout","footnotes":""},"categories":[1],"tags":[],"class_list":["post-8623","post","type-post","status-publish","format-standard","has-post-thumbnail","hentry","category-nacional"],"_links":{"self":[{"href":"https:\/\/elmetidosv.com\/index.php?rest_route=\/wp\/v2\/posts\/8623","targetHints":{"allow":["GET"]}}],"collection":[{"href":"https:\/\/elmetidosv.com\/index.php?rest_route=\/wp\/v2\/posts"}],"about":[{"href":"https:\/\/elmetidosv.com\/index.php?rest_route=\/wp\/v2\/types\/post"}],"author":[{"embeddable":true,"href":"https:\/\/elmetidosv.com\/index.php?rest_route=\/wp\/v2\/users\/2"}],"replies":[{"embeddable":true,"href":"https:\/\/elmetidosv.com\/index.php?rest_route=%2Fwp%2Fv2%2Fcomments&post=8623"}],"version-history":[{"count":1,"href":"https:\/\/elmetidosv.com\/index.php?rest_route=\/wp\/v2\/posts\/8623\/revisions"}],"predecessor-version":[{"id":8625,"href":"https:\/\/elmetidosv.com\/index.php?rest_route=\/wp\/v2\/posts\/8623\/revisions\/8625"}],"wp:featuredmedia":[{"embeddable":true,"href":"https:\/\/elmetidosv.com\/index.php?rest_route=\/wp\/v2\/media\/8624"}],"wp:attachment":[{"href":"https:\/\/elmetidosv.com\/index.php?rest_route=%2Fwp%2Fv2%2Fmedia&parent=8623"}],"wp:term":[{"taxonomy":"category","embeddable":true,"href":"https:\/\/elmetidosv.com\/index.php?rest_route=%2Fwp%2Fv2%2Fcategories&post=8623"},{"taxonomy":"post_tag","embeddable":true,"href":"https:\/\/elmetidosv.com\/index.php?rest_route=%2Fwp%2Fv2%2Ftags&post=8623"}],"curies":[{"name":"wp","href":"https:\/\/api.w.org\/{rel}","templated":true}]}}