{"id":8614,"date":"2020-09-23T18:49:38","date_gmt":"2020-09-24T00:49:38","guid":{"rendered":"http:\/\/elmetidosve.com\/?p=8614"},"modified":"2020-09-23T18:49:46","modified_gmt":"2020-09-24T00:49:46","slug":"accidente-de-transito-sobre-la-carretera-que-de-san-salvador-conduce-hacia-santa-ana","status":"publish","type":"post","link":"https:\/\/elmetidosv.com\/?p=8614","title":{"rendered":"accidente de tr\u00e1nsito sobre la carretera que de San Salvador conduce hacia Santa Ana"},"content":{"rendered":"\n<p>A trav\u00e9s de redes sociales varios ciudadanos reportan un accidente de tr\u00e1nsito sobre la carretera que de San Salvador conduce hacia Santa Ana.<\/p>\n\n\n\n<p>El siniestro vial ocurri\u00f3 a la altura de un sector conocido como el \u2018Pasatiempo\u2019, zona donde se ha generado una fuerte congesti\u00f3n vehicular, as\u00ed como sus alrededores.<\/p>\n\n\n\n<p>Seg\u00fan el informe, un autom\u00f3vil particular tipo sed\u00e1n impact\u00f3 contra la parte trasera de una unidad del transporte colectivo.<\/p>\n\n\n\n<p>Oficiales de la Polic\u00eda Nacional Civil (PNC) llegaron al lugar para oriental el tr\u00e1fico y deducir responsabilidades del accidente vial.<\/p>\n","protected":false},"excerpt":{"rendered":"<p>A trav\u00e9s de redes sociales varios ciudadanos reportan un accidente de tr\u00e1nsito sobre la carretera que de San Salvador conduce<\/p>\n","protected":false},"author":2,"featured_media":8615,"comment_status":"open","ping_status":"open","sticky":false,"template":"","format":"standard","meta":{"colormag_page_container_layout":"default_layout","colormag_page_sidebar_layout":"default_layout","footnotes":""},"categories":[1],"tags":[],"class_list":["post-8614","post","type-post","status-publish","format-standard","has-post-thumbnail","hentry","category-nacional"],"_links":{"self":[{"href":"https:\/\/elmetidosv.com\/index.php?rest_route=\/wp\/v2\/posts\/8614","targetHints":{"allow":["GET"]}}],"collection":[{"href":"https:\/\/elmetidosv.com\/index.php?rest_route=\/wp\/v2\/posts"}],"about":[{"href":"https:\/\/elmetidosv.com\/index.php?rest_route=\/wp\/v2\/types\/post"}],"author":[{"embeddable":true,"href":"https:\/\/elmetidosv.com\/index.php?rest_route=\/wp\/v2\/users\/2"}],"replies":[{"embeddable":true,"href":"https:\/\/elmetidosv.com\/index.php?rest_route=%2Fwp%2Fv2%2Fcomments&post=8614"}],"version-history":[{"count":1,"href":"https:\/\/elmetidosv.com\/index.php?rest_route=\/wp\/v2\/posts\/8614\/revisions"}],"predecessor-version":[{"id":8616,"href":"https:\/\/elmetidosv.com\/index.php?rest_route=\/wp\/v2\/posts\/8614\/revisions\/8616"}],"wp:featuredmedia":[{"embeddable":true,"href":"https:\/\/elmetidosv.com\/index.php?rest_route=\/wp\/v2\/media\/8615"}],"wp:attachment":[{"href":"https:\/\/elmetidosv.com\/index.php?rest_route=%2Fwp%2Fv2%2Fmedia&parent=8614"}],"wp:term":[{"taxonomy":"category","embeddable":true,"href":"https:\/\/elmetidosv.com\/index.php?rest_route=%2Fwp%2Fv2%2Fcategories&post=8614"},{"taxonomy":"post_tag","embeddable":true,"href":"https:\/\/elmetidosv.com\/index.php?rest_route=%2Fwp%2Fv2%2Ftags&post=8614"}],"curies":[{"name":"wp","href":"https:\/\/api.w.org\/{rel}","templated":true}]}}