{"id":8611,"date":"2020-09-23T18:46:39","date_gmt":"2020-09-24T00:46:39","guid":{"rendered":"http:\/\/elmetidosve.com\/?p=8611"},"modified":"2020-09-23T18:46:47","modified_gmt":"2020-09-24T00:46:47","slug":"vmt-continua-verificando-que-conductores-y-usuarios-del-transporte-colectivo-cumplan-con-medidas-de-bioseguridad","status":"publish","type":"post","link":"https:\/\/elmetidosv.com\/?p=8611","title":{"rendered":"VMT contin\u00faa verificando que conductores y usuarios del transporte colectivo cumplan con medidas de bioseguridad"},"content":{"rendered":"\n<p>Autoridades del Viceministerio del Transporte (VMT), en coordinaci\u00f3n con la Polic\u00eda Nacional Civil (PNC), contin\u00faan este mi\u00e9rcoles supervisando que conductores y usuarios del transporte colectivo hagan uso de las medidas de bioseguridad.<\/p>\n\n\n\n<p>De acuerdo al VMT, estas actividades se realizan a nivel nacional tanto en unidades como en terminales para verificar que motoristas y pasajeros cumplan con las medidas para evitar contagios del COVID-19.<br><\/p>\n\n\n\n<p>\u201cDesde tempranas horas, nuestros inspectores se encuentran con diferentes operativos en terminales y paradas de autobuses del pa\u00eds, supervisando la operaci\u00f3n del transporte colectivo y que el servicio se siga brindando, cumpliendo las medidas sanitarias y respetando la Ley\u201d, afirman las autoridades de transporte.<\/p>\n\n\n\n<p>Por tal raz\u00f3n, tambi\u00e9n se mantienen las jornadas de desinfecci\u00f3n en las unidades y terminales del transporte colectivo as\u00ed como la fomentaci\u00f3n a la pr\u00e1ctica del distanciamiento social y uso de la permanente de la mascarilla.<\/p>\n\n\n\n<p>Adem\u00e1s, con el objetivo de cuidar el bolsillo de la poblaci\u00f3n, se realizan operativos sorpresas para supervisar que conductores de diferentes rutas del pa\u00eds, no alteren la tarifa establecida al pasaje.<\/p>\n","protected":false},"excerpt":{"rendered":"<p>Autoridades del Viceministerio del Transporte (VMT), en coordinaci\u00f3n con la Polic\u00eda Nacional Civil (PNC), contin\u00faan este mi\u00e9rcoles supervisando que conductores<\/p>\n","protected":false},"author":2,"featured_media":8612,"comment_status":"open","ping_status":"open","sticky":false,"template":"","format":"standard","meta":{"colormag_page_container_layout":"default_layout","colormag_page_sidebar_layout":"default_layout","footnotes":""},"categories":[1],"tags":[],"class_list":["post-8611","post","type-post","status-publish","format-standard","has-post-thumbnail","hentry","category-nacional"],"_links":{"self":[{"href":"https:\/\/elmetidosv.com\/index.php?rest_route=\/wp\/v2\/posts\/8611","targetHints":{"allow":["GET"]}}],"collection":[{"href":"https:\/\/elmetidosv.com\/index.php?rest_route=\/wp\/v2\/posts"}],"about":[{"href":"https:\/\/elmetidosv.com\/index.php?rest_route=\/wp\/v2\/types\/post"}],"author":[{"embeddable":true,"href":"https:\/\/elmetidosv.com\/index.php?rest_route=\/wp\/v2\/users\/2"}],"replies":[{"embeddable":true,"href":"https:\/\/elmetidosv.com\/index.php?rest_route=%2Fwp%2Fv2%2Fcomments&post=8611"}],"version-history":[{"count":1,"href":"https:\/\/elmetidosv.com\/index.php?rest_route=\/wp\/v2\/posts\/8611\/revisions"}],"predecessor-version":[{"id":8613,"href":"https:\/\/elmetidosv.com\/index.php?rest_route=\/wp\/v2\/posts\/8611\/revisions\/8613"}],"wp:featuredmedia":[{"embeddable":true,"href":"https:\/\/elmetidosv.com\/index.php?rest_route=\/wp\/v2\/media\/8612"}],"wp:attachment":[{"href":"https:\/\/elmetidosv.com\/index.php?rest_route=%2Fwp%2Fv2%2Fmedia&parent=8611"}],"wp:term":[{"taxonomy":"category","embeddable":true,"href":"https:\/\/elmetidosv.com\/index.php?rest_route=%2Fwp%2Fv2%2Fcategories&post=8611"},{"taxonomy":"post_tag","embeddable":true,"href":"https:\/\/elmetidosv.com\/index.php?rest_route=%2Fwp%2Fv2%2Ftags&post=8611"}],"curies":[{"name":"wp","href":"https:\/\/api.w.org\/{rel}","templated":true}]}}