{"id":8606,"date":"2020-09-23T18:39:21","date_gmt":"2020-09-24T00:39:21","guid":{"rendered":"http:\/\/elmetidosve.com\/?p=8606"},"modified":"2020-09-23T18:39:28","modified_gmt":"2020-09-24T00:39:28","slug":"cinco-salvadorenos-mas-vuelven-con-sus-familias-tras-recuperarse-de-covid-19-en-el-hospital-el-salvador","status":"publish","type":"post","link":"https:\/\/elmetidosv.com\/?p=8606","title":{"rendered":"Cinco salvadore\u00f1os m\u00e1s vuelven con sus familias tras recuperarse de COVID-19 en el Hospital El Salvador"},"content":{"rendered":"\n<figure class=\"wp-block-gallery columns-3 is-cropped wp-block-gallery-1 is-layout-flex wp-block-gallery-is-layout-flex\"><ul class=\"blocks-gallery-grid\"><li class=\"blocks-gallery-item\"><figure><img loading=\"lazy\" decoding=\"async\" width=\"680\" height=\"453\" src=\"http:\/\/elmetidosve.com\/wp-content\/uploads\/2020\/09\/0000-144.jpg\" alt=\"\" data-id=\"8607\" data-full-url=\"http:\/\/elmetidosve.com\/wp-content\/uploads\/2020\/09\/0000-144.jpg\" data-link=\"http:\/\/elmetidosve.com\/?attachment_id=8607\" class=\"wp-image-8607\" srcset=\"https:\/\/elmetidosv.com\/wp-content\/uploads\/2020\/09\/0000-144.jpg 680w, https:\/\/elmetidosv.com\/wp-content\/uploads\/2020\/09\/0000-144-300x200.jpg 300w\" sizes=\"auto, (max-width: 680px) 100vw, 680px\" \/><\/figure><\/li><li class=\"blocks-gallery-item\"><figure><img loading=\"lazy\" decoding=\"async\" width=\"360\" height=\"240\" src=\"http:\/\/elmetidosve.com\/wp-content\/uploads\/2020\/09\/000-77.jpg\" alt=\"\" data-id=\"8608\" data-full-url=\"http:\/\/elmetidosve.com\/wp-content\/uploads\/2020\/09\/000-77.jpg\" data-link=\"http:\/\/elmetidosve.com\/?attachment_id=8608\" class=\"wp-image-8608\" srcset=\"https:\/\/elmetidosv.com\/wp-content\/uploads\/2020\/09\/000-77.jpg 360w, https:\/\/elmetidosv.com\/wp-content\/uploads\/2020\/09\/000-77-300x200.jpg 300w\" sizes=\"auto, (max-width: 360px) 100vw, 360px\" \/><\/figure><\/li><li class=\"blocks-gallery-item\"><figure><img loading=\"lazy\" decoding=\"async\" width=\"360\" height=\"243\" src=\"http:\/\/elmetidosve.com\/wp-content\/uploads\/2020\/09\/00-49.jpg\" alt=\"\" data-id=\"8609\" data-full-url=\"http:\/\/elmetidosve.com\/wp-content\/uploads\/2020\/09\/00-49.jpg\" data-link=\"http:\/\/elmetidosve.com\/?attachment_id=8609\" class=\"wp-image-8609\" srcset=\"https:\/\/elmetidosv.com\/wp-content\/uploads\/2020\/09\/00-49.jpg 360w, https:\/\/elmetidosv.com\/wp-content\/uploads\/2020\/09\/00-49-300x203.jpg 300w\" sizes=\"auto, (max-width: 360px) 100vw, 360px\" \/><\/figure><\/li><\/ul><\/figure>\n\n\n\n<p>Gracias al incansable trabajo del personal m\u00e9dico, cinco salvadore\u00f1os m\u00e1s vencieron al COVID-19 y este mi\u00e9rcoles recibieron el alta m\u00e9dica en el Hospital El Salvador.<\/p>\n\n\n\n<p>De acuerdo con las autoridades del Ministerio de Salud, a los pacientes se les aplic\u00f3 todo el protocolo de atenci\u00f3n m\u00e9dica y despu\u00e9s de varios d\u00edas de luchar contra el virus, hoy regresan a sus hogares donde deber\u00e1n cumplir una estricta cuarentena domiciliar vigilada.<\/p>\n\n\n\n<p>Los nuevos recuperados, tres hombres y dos mujeres entre los 19 y 60 a\u00f1os de edad, estuvieron ingresados en el \u00e1rea de Cuidados Intermedios del  Hospital El Salvador donde cumplieron con el tratamiento m\u00e9dico.<\/p>\n\n\n\n<p>\u201cLa recuperaci\u00f3n de los pacientes con COVID-19 comprende de dos etapas: ingreso en el Hospital El Salvador y recuperaci\u00f3n final en sus hogares, donde cumplen con un tratamiento que incluye vitaminas\u201d, expresaron las autoridades del hospital.<\/p>\n\n\n\n<p>El Ministerio de Salud ha detallado que desde que inici\u00f3 la emergencia nacional por la pandemia, registra la recuperaci\u00f3n de 22 mil 113 salvadore\u00f1os que estuvieron contagiados.<\/p>\n","protected":false},"excerpt":{"rendered":"<p>Gracias al incansable trabajo del personal m\u00e9dico, cinco salvadore\u00f1os m\u00e1s vencieron al COVID-19 y este mi\u00e9rcoles recibieron el alta m\u00e9dica<\/p>\n","protected":false},"author":2,"featured_media":8607,"comment_status":"open","ping_status":"open","sticky":false,"template":"","format":"standard","meta":{"colormag_page_container_layout":"default_layout","colormag_page_sidebar_layout":"default_layout","footnotes":""},"categories":[1],"tags":[],"class_list":["post-8606","post","type-post","status-publish","format-standard","has-post-thumbnail","hentry","category-nacional"],"_links":{"self":[{"href":"https:\/\/elmetidosv.com\/index.php?rest_route=\/wp\/v2\/posts\/8606","targetHints":{"allow":["GET"]}}],"collection":[{"href":"https:\/\/elmetidosv.com\/index.php?rest_route=\/wp\/v2\/posts"}],"about":[{"href":"https:\/\/elmetidosv.com\/index.php?rest_route=\/wp\/v2\/types\/post"}],"author":[{"embeddable":true,"href":"https:\/\/elmetidosv.com\/index.php?rest_route=\/wp\/v2\/users\/2"}],"replies":[{"embeddable":true,"href":"https:\/\/elmetidosv.com\/index.php?rest_route=%2Fwp%2Fv2%2Fcomments&post=8606"}],"version-history":[{"count":1,"href":"https:\/\/elmetidosv.com\/index.php?rest_route=\/wp\/v2\/posts\/8606\/revisions"}],"predecessor-version":[{"id":8610,"href":"https:\/\/elmetidosv.com\/index.php?rest_route=\/wp\/v2\/posts\/8606\/revisions\/8610"}],"wp:featuredmedia":[{"embeddable":true,"href":"https:\/\/elmetidosv.com\/index.php?rest_route=\/wp\/v2\/media\/8607"}],"wp:attachment":[{"href":"https:\/\/elmetidosv.com\/index.php?rest_route=%2Fwp%2Fv2%2Fmedia&parent=8606"}],"wp:term":[{"taxonomy":"category","embeddable":true,"href":"https:\/\/elmetidosv.com\/index.php?rest_route=%2Fwp%2Fv2%2Fcategories&post=8606"},{"taxonomy":"post_tag","embeddable":true,"href":"https:\/\/elmetidosv.com\/index.php?rest_route=%2Fwp%2Fv2%2Ftags&post=8606"}],"curies":[{"name":"wp","href":"https:\/\/api.w.org\/{rel}","templated":true}]}}