{"id":8579,"date":"2020-09-23T14:01:56","date_gmt":"2020-09-23T20:01:56","guid":{"rendered":"http:\/\/elmetidosve.com\/?p=8579"},"modified":"2020-09-23T14:02:04","modified_gmt":"2020-09-23T20:02:04","slug":"instalan-cerco-sanitario-en-santa-rosa-de-lima-tras-aumento-de-casos-de-covid-19","status":"publish","type":"post","link":"https:\/\/elmetidosv.com\/?p=8579","title":{"rendered":"Instalan cerco sanitario en Santa Rosa de Lima tras aumento de casos de Covid-19"},"content":{"rendered":"\n<p>El Presidente de la Rep\u00fablica, Nayib Bukele, orden\u00f3 un cerco sanitario en el municipio de Santa Rosa de Lima, La Uni\u00f3n ante el aumento de casos confirmados de Covid-19 registrados en las \u00faltimas horas.<\/p>\n\n\n\n<p>De acuerdo al mandatario, en las \u00faltimas horas se detect\u00f3 un nivel de contagio del 16.7%. Ante ello, orden\u00f3 un cerco sanitario en el municipio.<\/p>\n\n\n\n<p>\u201cEn todo nuestro pa\u00eds, debemos extremar medidas de protecci\u00f3n, para evitar tener una segunda ola epidemiol\u00f3gica\u201d, expres\u00f3 el Presidente en sus redes sociales.<\/p>\n\n\n\n<p>Adem\u00e1s, el Presidente asegur\u00f3, que el 100% de las familias del municipio recibir\u00e1n paquetes alimentarios con el objetivo de garantizar la seguridad alimentaria, mientras dure el cerco sanitario.<\/p>\n\n\n\n<p>Asimismo, el Jefe de Estado dijo que el cerco sanitario de San Francisco Gotera continuar\u00e1 en los pr\u00f3ximos d\u00edas.<br><\/p>\n","protected":false},"excerpt":{"rendered":"<p>El Presidente de la Rep\u00fablica, Nayib Bukele, orden\u00f3 un cerco sanitario en el municipio de Santa Rosa de Lima, La<\/p>\n","protected":false},"author":2,"featured_media":8580,"comment_status":"open","ping_status":"open","sticky":false,"template":"","format":"standard","meta":{"colormag_page_container_layout":"default_layout","colormag_page_sidebar_layout":"default_layout","footnotes":""},"categories":[1],"tags":[],"class_list":["post-8579","post","type-post","status-publish","format-standard","has-post-thumbnail","hentry","category-nacional"],"_links":{"self":[{"href":"https:\/\/elmetidosv.com\/index.php?rest_route=\/wp\/v2\/posts\/8579","targetHints":{"allow":["GET"]}}],"collection":[{"href":"https:\/\/elmetidosv.com\/index.php?rest_route=\/wp\/v2\/posts"}],"about":[{"href":"https:\/\/elmetidosv.com\/index.php?rest_route=\/wp\/v2\/types\/post"}],"author":[{"embeddable":true,"href":"https:\/\/elmetidosv.com\/index.php?rest_route=\/wp\/v2\/users\/2"}],"replies":[{"embeddable":true,"href":"https:\/\/elmetidosv.com\/index.php?rest_route=%2Fwp%2Fv2%2Fcomments&post=8579"}],"version-history":[{"count":1,"href":"https:\/\/elmetidosv.com\/index.php?rest_route=\/wp\/v2\/posts\/8579\/revisions"}],"predecessor-version":[{"id":8581,"href":"https:\/\/elmetidosv.com\/index.php?rest_route=\/wp\/v2\/posts\/8579\/revisions\/8581"}],"wp:featuredmedia":[{"embeddable":true,"href":"https:\/\/elmetidosv.com\/index.php?rest_route=\/wp\/v2\/media\/8580"}],"wp:attachment":[{"href":"https:\/\/elmetidosv.com\/index.php?rest_route=%2Fwp%2Fv2%2Fmedia&parent=8579"}],"wp:term":[{"taxonomy":"category","embeddable":true,"href":"https:\/\/elmetidosv.com\/index.php?rest_route=%2Fwp%2Fv2%2Fcategories&post=8579"},{"taxonomy":"post_tag","embeddable":true,"href":"https:\/\/elmetidosv.com\/index.php?rest_route=%2Fwp%2Fv2%2Ftags&post=8579"}],"curies":[{"name":"wp","href":"https:\/\/api.w.org\/{rel}","templated":true}]}}