{"id":8566,"date":"2020-09-22T14:09:56","date_gmt":"2020-09-22T20:09:56","guid":{"rendered":"http:\/\/elmetidosve.com\/?p=8566"},"modified":"2020-09-22T14:10:03","modified_gmt":"2020-09-22T20:10:03","slug":"camaras-alertan-sobre-carro-que-habria-sido-usado-para-un-crimen-anoche-y-pnc-lo-intercepta-en-bulevar-de-los-heroes","status":"publish","type":"post","link":"https:\/\/elmetidosv.com\/?p=8566","title":{"rendered":"C\u00e1maras alertan sobre carro que habr\u00eda sido usado para un crimen anoche y PNC lo intercepta en bulevar de Los H\u00e9roes"},"content":{"rendered":"\n<p>Autoridades policiales y de la Fiscal\u00eda General de la Rep\u00fablica (PNC) procedieron a interceptar un veh\u00edculo durante la ma\u00f1ana de este martes entre el bulevar de Los H\u00e9roes y calle Gabriela Mistral de San Salvador.<\/p>\n\n\n\n<p>Este procedimiento se realiza debido a que el carro y su conductor son sospechosos de haber participado en un crimen cometido el lunes por la noche en San Salvador.<\/p>\n\n\n\n<p>De acuerdo con los reportes, las c\u00e1maras de videovigilancia instaladas en San Salvador alertaron a las autoridades sobre el carro que circulaba por la zona, por lo que procedieron a interceptarlo para realizar las inspecciones debidas.<\/p>\n\n\n\n<p>De momento, en este procedimiento se reporta una persona detenida en v\u00edas de investigaci\u00f3n.<\/p>\n\n\n\n<p>Al parecer, este mismo veh\u00edculo habr\u00eda sido usado por sujetos que durante la noche del lunes arremetieron contra personas en un motel de San Salvador.<\/p>\n","protected":false},"excerpt":{"rendered":"<p>Autoridades policiales y de la Fiscal\u00eda General de la Rep\u00fablica (PNC) procedieron a interceptar un veh\u00edculo durante la ma\u00f1ana de<\/p>\n","protected":false},"author":2,"featured_media":8567,"comment_status":"open","ping_status":"open","sticky":false,"template":"","format":"standard","meta":{"colormag_page_container_layout":"default_layout","colormag_page_sidebar_layout":"default_layout","footnotes":""},"categories":[1],"tags":[],"class_list":["post-8566","post","type-post","status-publish","format-standard","has-post-thumbnail","hentry","category-nacional"],"_links":{"self":[{"href":"https:\/\/elmetidosv.com\/index.php?rest_route=\/wp\/v2\/posts\/8566","targetHints":{"allow":["GET"]}}],"collection":[{"href":"https:\/\/elmetidosv.com\/index.php?rest_route=\/wp\/v2\/posts"}],"about":[{"href":"https:\/\/elmetidosv.com\/index.php?rest_route=\/wp\/v2\/types\/post"}],"author":[{"embeddable":true,"href":"https:\/\/elmetidosv.com\/index.php?rest_route=\/wp\/v2\/users\/2"}],"replies":[{"embeddable":true,"href":"https:\/\/elmetidosv.com\/index.php?rest_route=%2Fwp%2Fv2%2Fcomments&post=8566"}],"version-history":[{"count":1,"href":"https:\/\/elmetidosv.com\/index.php?rest_route=\/wp\/v2\/posts\/8566\/revisions"}],"predecessor-version":[{"id":8568,"href":"https:\/\/elmetidosv.com\/index.php?rest_route=\/wp\/v2\/posts\/8566\/revisions\/8568"}],"wp:featuredmedia":[{"embeddable":true,"href":"https:\/\/elmetidosv.com\/index.php?rest_route=\/wp\/v2\/media\/8567"}],"wp:attachment":[{"href":"https:\/\/elmetidosv.com\/index.php?rest_route=%2Fwp%2Fv2%2Fmedia&parent=8566"}],"wp:term":[{"taxonomy":"category","embeddable":true,"href":"https:\/\/elmetidosv.com\/index.php?rest_route=%2Fwp%2Fv2%2Fcategories&post=8566"},{"taxonomy":"post_tag","embeddable":true,"href":"https:\/\/elmetidosv.com\/index.php?rest_route=%2Fwp%2Fv2%2Ftags&post=8566"}],"curies":[{"name":"wp","href":"https:\/\/api.w.org\/{rel}","templated":true}]}}