{"id":8457,"date":"2020-09-18T17:28:55","date_gmt":"2020-09-18T23:28:55","guid":{"rendered":"http:\/\/elmetidosve.com\/?p=8457"},"modified":"2020-09-18T17:29:02","modified_gmt":"2020-09-18T23:29:02","slug":"presidente-de-guatemala-da-positivo-a-covid-19","status":"publish","type":"post","link":"https:\/\/elmetidosv.com\/?p=8457","title":{"rendered":"Presidente de Guatemala da positivo a Covid-19"},"content":{"rendered":"\n<p>El presidente de Guatemala, Alejandro Giammattei, confirm\u00f3 que dio positivo a Covid-19, tras varios rumores en redes sociales que aseguraban que el mandatario hab\u00eda contra\u00eddo la enfermedad.<\/p>\n\n\n\n<p>\u201cVamos a dar un mensaje a la naci\u00f3n ya que los resultados de la prueba que me hicieron anoche. Es mi sexta prueba, dio positivo. Dar\u00e9 detalles de c\u00f3mo vamos a proceder\u201d, dijo el mandatario a una radio de ese pa\u00eds.<\/p>\n\n\n\n<p>Se espera que el mandatario se dirija al pueblo guatemalteco a las 10:30 de la ma\u00f1ana.<\/p>\n","protected":false},"excerpt":{"rendered":"<p>El presidente de Guatemala, Alejandro Giammattei, confirm\u00f3 que dio positivo a Covid-19, tras varios rumores en redes sociales que aseguraban<\/p>\n","protected":false},"author":2,"featured_media":8458,"comment_status":"open","ping_status":"open","sticky":false,"template":"","format":"standard","meta":{"colormag_page_container_layout":"default_layout","colormag_page_sidebar_layout":"default_layout","footnotes":""},"categories":[3],"tags":[],"class_list":["post-8457","post","type-post","status-publish","format-standard","has-post-thumbnail","hentry","category-internacional"],"_links":{"self":[{"href":"https:\/\/elmetidosv.com\/index.php?rest_route=\/wp\/v2\/posts\/8457","targetHints":{"allow":["GET"]}}],"collection":[{"href":"https:\/\/elmetidosv.com\/index.php?rest_route=\/wp\/v2\/posts"}],"about":[{"href":"https:\/\/elmetidosv.com\/index.php?rest_route=\/wp\/v2\/types\/post"}],"author":[{"embeddable":true,"href":"https:\/\/elmetidosv.com\/index.php?rest_route=\/wp\/v2\/users\/2"}],"replies":[{"embeddable":true,"href":"https:\/\/elmetidosv.com\/index.php?rest_route=%2Fwp%2Fv2%2Fcomments&post=8457"}],"version-history":[{"count":1,"href":"https:\/\/elmetidosv.com\/index.php?rest_route=\/wp\/v2\/posts\/8457\/revisions"}],"predecessor-version":[{"id":8459,"href":"https:\/\/elmetidosv.com\/index.php?rest_route=\/wp\/v2\/posts\/8457\/revisions\/8459"}],"wp:featuredmedia":[{"embeddable":true,"href":"https:\/\/elmetidosv.com\/index.php?rest_route=\/wp\/v2\/media\/8458"}],"wp:attachment":[{"href":"https:\/\/elmetidosv.com\/index.php?rest_route=%2Fwp%2Fv2%2Fmedia&parent=8457"}],"wp:term":[{"taxonomy":"category","embeddable":true,"href":"https:\/\/elmetidosv.com\/index.php?rest_route=%2Fwp%2Fv2%2Fcategories&post=8457"},{"taxonomy":"post_tag","embeddable":true,"href":"https:\/\/elmetidosv.com\/index.php?rest_route=%2Fwp%2Fv2%2Ftags&post=8457"}],"curies":[{"name":"wp","href":"https:\/\/api.w.org\/{rel}","templated":true}]}}