{"id":8432,"date":"2020-09-17T18:22:46","date_gmt":"2020-09-18T00:22:46","guid":{"rendered":"http:\/\/elmetidosve.com\/?p=8432"},"modified":"2020-09-17T18:22:53","modified_gmt":"2020-09-18T00:22:53","slug":"11-salvadorenos-mas-vencen-al-covid-19-y-reciben-alta-medica-en-el-hospital-el-salvador","status":"publish","type":"post","link":"https:\/\/elmetidosv.com\/?p=8432","title":{"rendered":"11 salvadore\u00f1os m\u00e1s vencen al COVID-19 y reciben alta m\u00e9dica en el Hospital El Salvador"},"content":{"rendered":"\n<figure class=\"wp-block-gallery columns-2 is-cropped wp-block-gallery-1 is-layout-flex wp-block-gallery-is-layout-flex\"><ul class=\"blocks-gallery-grid\"><li class=\"blocks-gallery-item\"><figure><img loading=\"lazy\" decoding=\"async\" width=\"240\" height=\"160\" src=\"http:\/\/elmetidosve.com\/wp-content\/uploads\/2020\/09\/0000-111.jpg\" alt=\"\" data-id=\"8433\" data-full-url=\"http:\/\/elmetidosve.com\/wp-content\/uploads\/2020\/09\/0000-111.jpg\" data-link=\"http:\/\/elmetidosve.com\/?attachment_id=8433\" class=\"wp-image-8433\"\/><\/figure><\/li><li class=\"blocks-gallery-item\"><figure><img loading=\"lazy\" decoding=\"async\" width=\"360\" height=\"240\" src=\"http:\/\/elmetidosve.com\/wp-content\/uploads\/2020\/09\/000-53.jpg\" alt=\"\" data-id=\"8434\" data-full-url=\"http:\/\/elmetidosve.com\/wp-content\/uploads\/2020\/09\/000-53.jpg\" data-link=\"http:\/\/elmetidosve.com\/?attachment_id=8434\" class=\"wp-image-8434\" srcset=\"https:\/\/elmetidosv.com\/wp-content\/uploads\/2020\/09\/000-53.jpg 360w, https:\/\/elmetidosv.com\/wp-content\/uploads\/2020\/09\/000-53-300x200.jpg 300w\" sizes=\"auto, (max-width: 360px) 100vw, 360px\" \/><\/figure><\/li><\/ul><\/figure>\n\n\n\n<p>Gracias al incansable trabajo del personal m\u00e9dico, 11 salvadore\u00f1os m\u00e1s vencieron al COVID-19 y este jueves recibieron el alta m\u00e9dica en el Hospital El Salvador.<\/p>\n\n\n\n<p>De acuerdo con las autoridades del Ministerio de Salud, a los pacientes se les aplic\u00f3 todo el protocolo de atenci\u00f3n m\u00e9dica y despu\u00e9s de varios d\u00edas de luchar contra el virus, hoy regresan a sus hogares donde deber\u00e1n cumplir una estricta cuarentena domiciliar vigilada.<\/p>\n\n\n\n<p>Las personas cuya salud ha sido restablecida en el Hospital El Salvador, tienen edades que oscilan entre los 31 y 85 a\u00f1os. Los pacientes de la tercera edad forman parte del grupo etario m\u00e1s propenso a tener complicaciones mortales por el virus.<\/p>\n\n\n\n<p>\u201cHoy se han recuperado de coronavirus siete hombres y cuatro mujeres; cada paciente es guiado por un profesional de la salud hasta la puerta del veh\u00edculo en donde un familiar aguarda para llev\u00e1rselo a casa luego de varios d\u00edas de haber permanecido ingresado\u201d, expresaron las autoridades del hospital.<\/p>\n\n\n\n<p>El personal m\u00e9dico del Ministerio de Salud permanecer\u00e1 pendientes de estas personas recuperadas, v\u00eda telef\u00f3nica, para ver c\u00f3mo evoluciona su recuperaci\u00f3n.<\/p>\n","protected":false},"excerpt":{"rendered":"<p>Gracias al incansable trabajo del personal m\u00e9dico, 11 salvadore\u00f1os m\u00e1s vencieron al COVID-19 y este jueves recibieron el alta m\u00e9dica<\/p>\n","protected":false},"author":2,"featured_media":8435,"comment_status":"open","ping_status":"open","sticky":false,"template":"","format":"standard","meta":{"colormag_page_container_layout":"default_layout","colormag_page_sidebar_layout":"default_layout","footnotes":""},"categories":[1],"tags":[],"class_list":["post-8432","post","type-post","status-publish","format-standard","has-post-thumbnail","hentry","category-nacional"],"_links":{"self":[{"href":"https:\/\/elmetidosv.com\/index.php?rest_route=\/wp\/v2\/posts\/8432","targetHints":{"allow":["GET"]}}],"collection":[{"href":"https:\/\/elmetidosv.com\/index.php?rest_route=\/wp\/v2\/posts"}],"about":[{"href":"https:\/\/elmetidosv.com\/index.php?rest_route=\/wp\/v2\/types\/post"}],"author":[{"embeddable":true,"href":"https:\/\/elmetidosv.com\/index.php?rest_route=\/wp\/v2\/users\/2"}],"replies":[{"embeddable":true,"href":"https:\/\/elmetidosv.com\/index.php?rest_route=%2Fwp%2Fv2%2Fcomments&post=8432"}],"version-history":[{"count":1,"href":"https:\/\/elmetidosv.com\/index.php?rest_route=\/wp\/v2\/posts\/8432\/revisions"}],"predecessor-version":[{"id":8436,"href":"https:\/\/elmetidosv.com\/index.php?rest_route=\/wp\/v2\/posts\/8432\/revisions\/8436"}],"wp:featuredmedia":[{"embeddable":true,"href":"https:\/\/elmetidosv.com\/index.php?rest_route=\/wp\/v2\/media\/8435"}],"wp:attachment":[{"href":"https:\/\/elmetidosv.com\/index.php?rest_route=%2Fwp%2Fv2%2Fmedia&parent=8432"}],"wp:term":[{"taxonomy":"category","embeddable":true,"href":"https:\/\/elmetidosv.com\/index.php?rest_route=%2Fwp%2Fv2%2Fcategories&post=8432"},{"taxonomy":"post_tag","embeddable":true,"href":"https:\/\/elmetidosv.com\/index.php?rest_route=%2Fwp%2Fv2%2Ftags&post=8432"}],"curies":[{"name":"wp","href":"https:\/\/api.w.org\/{rel}","templated":true}]}}