{"id":8372,"date":"2020-09-15T16:08:47","date_gmt":"2020-09-15T22:08:47","guid":{"rendered":"http:\/\/elmetidosve.com\/?p=8372"},"modified":"2020-09-15T16:08:55","modified_gmt":"2020-09-15T22:08:55","slug":"salud-realiza-jornada-de-pruebas-covid-19-en-nahuizalco-sonsonate","status":"publish","type":"post","link":"https:\/\/elmetidosv.com\/?p=8372","title":{"rendered":"Salud realiza jornada de pruebas COVID-19 en Nahuizalco, Sonsonate"},"content":{"rendered":"\n<p>El Equipo Interdisciplinario de Contenci\u00f3n Epidemiol\u00f3gica (EICEES) instal\u00f3 cabinas de diagn\u00f3stico de COVID-19 para realizar pruebas a la poblaci\u00f3n de manera gratuita en el municipio de Nahuizalco, Sonsonate.<\/p>\n\n\n\n<p>Seg\u00fan el reporte, ser\u00e1n un total de 400 pruebas las que se estar\u00e1n realizando en ese municipio, para lo que ha sido necesario movilizar un total de tres cabinas para poder atender a las personas que decidan acercarse para dicha prueba.<\/p>\n\n\n\n<p>De acuerdo a las autoridades, el tipo de prueba que se hace es la de Polimerasa Reactiva en Cadena (PCR, por sus siglas en ingl\u00e9s) que tiene un 99.99% de confiabilidad.<\/p>\n\n\n\n<p>La toma de la muestra se hace a trav\u00e9s de un hisopado nasal y garganta, posteriormente se toman los datos personales, para contactar por medio de llamada telef\u00f3nica o correo electr\u00f3nico en caso de dar positivo a COVID-19.<\/p>\n","protected":false},"excerpt":{"rendered":"<p>El Equipo Interdisciplinario de Contenci\u00f3n Epidemiol\u00f3gica (EICEES) instal\u00f3 cabinas de diagn\u00f3stico de COVID-19 para realizar pruebas a la poblaci\u00f3n de<\/p>\n","protected":false},"author":2,"featured_media":8373,"comment_status":"open","ping_status":"open","sticky":false,"template":"","format":"standard","meta":{"colormag_page_container_layout":"default_layout","colormag_page_sidebar_layout":"default_layout","footnotes":""},"categories":[1],"tags":[],"class_list":["post-8372","post","type-post","status-publish","format-standard","has-post-thumbnail","hentry","category-nacional"],"_links":{"self":[{"href":"https:\/\/elmetidosv.com\/index.php?rest_route=\/wp\/v2\/posts\/8372","targetHints":{"allow":["GET"]}}],"collection":[{"href":"https:\/\/elmetidosv.com\/index.php?rest_route=\/wp\/v2\/posts"}],"about":[{"href":"https:\/\/elmetidosv.com\/index.php?rest_route=\/wp\/v2\/types\/post"}],"author":[{"embeddable":true,"href":"https:\/\/elmetidosv.com\/index.php?rest_route=\/wp\/v2\/users\/2"}],"replies":[{"embeddable":true,"href":"https:\/\/elmetidosv.com\/index.php?rest_route=%2Fwp%2Fv2%2Fcomments&post=8372"}],"version-history":[{"count":1,"href":"https:\/\/elmetidosv.com\/index.php?rest_route=\/wp\/v2\/posts\/8372\/revisions"}],"predecessor-version":[{"id":8374,"href":"https:\/\/elmetidosv.com\/index.php?rest_route=\/wp\/v2\/posts\/8372\/revisions\/8374"}],"wp:featuredmedia":[{"embeddable":true,"href":"https:\/\/elmetidosv.com\/index.php?rest_route=\/wp\/v2\/media\/8373"}],"wp:attachment":[{"href":"https:\/\/elmetidosv.com\/index.php?rest_route=%2Fwp%2Fv2%2Fmedia&parent=8372"}],"wp:term":[{"taxonomy":"category","embeddable":true,"href":"https:\/\/elmetidosv.com\/index.php?rest_route=%2Fwp%2Fv2%2Fcategories&post=8372"},{"taxonomy":"post_tag","embeddable":true,"href":"https:\/\/elmetidosv.com\/index.php?rest_route=%2Fwp%2Fv2%2Ftags&post=8372"}],"curies":[{"name":"wp","href":"https:\/\/api.w.org\/{rel}","templated":true}]}}