{"id":8316,"date":"2020-09-13T17:12:54","date_gmt":"2020-09-13T23:12:54","guid":{"rendered":"http:\/\/elmetidosve.com\/?p=8316"},"modified":"2020-09-13T17:13:10","modified_gmt":"2020-09-13T23:13:10","slug":"13-salvadorenos-mas-se-recuperan-del-covid-19-en-el-hospital-el-salvador","status":"publish","type":"post","link":"https:\/\/elmetidosv.com\/?p=8316","title":{"rendered":"13 salvadore\u00f1os m\u00e1s se recuperan del COVID-19 en el Hospital El Salvador"},"content":{"rendered":"\n<figure class=\"wp-block-gallery columns-2 is-cropped wp-block-gallery-1 is-layout-flex wp-block-gallery-is-layout-flex\"><ul class=\"blocks-gallery-grid\"><li class=\"blocks-gallery-item\"><figure><img loading=\"lazy\" decoding=\"async\" width=\"360\" height=\"235\" src=\"http:\/\/elmetidosve.com\/wp-content\/uploads\/2020\/09\/0000-90.jpg\" alt=\"\" data-id=\"8317\" data-full-url=\"http:\/\/elmetidosve.com\/wp-content\/uploads\/2020\/09\/0000-90.jpg\" data-link=\"http:\/\/elmetidosve.com\/?attachment_id=8317\" class=\"wp-image-8317\" srcset=\"https:\/\/elmetidosv.com\/wp-content\/uploads\/2020\/09\/0000-90.jpg 360w, https:\/\/elmetidosv.com\/wp-content\/uploads\/2020\/09\/0000-90-300x196.jpg 300w\" sizes=\"auto, (max-width: 360px) 100vw, 360px\" \/><\/figure><\/li><li class=\"blocks-gallery-item\"><figure><img loading=\"lazy\" decoding=\"async\" width=\"680\" height=\"423\" src=\"http:\/\/elmetidosve.com\/wp-content\/uploads\/2020\/09\/000-34.jpg\" alt=\"\" data-id=\"8318\" data-full-url=\"http:\/\/elmetidosve.com\/wp-content\/uploads\/2020\/09\/000-34.jpg\" data-link=\"http:\/\/elmetidosve.com\/?attachment_id=8318\" class=\"wp-image-8318\" srcset=\"https:\/\/elmetidosv.com\/wp-content\/uploads\/2020\/09\/000-34.jpg 680w, https:\/\/elmetidosv.com\/wp-content\/uploads\/2020\/09\/000-34-300x187.jpg 300w\" sizes=\"auto, (max-width: 680px) 100vw, 680px\" \/><\/figure><\/li><\/ul><\/figure>\n\n\n\n<p>Gracias al incansable trabajo del personal m\u00e9dico, 13 salvadore\u00f1os m\u00e1s vencieron al COVID-19 y este domingo recibieron el alta m\u00e9dica en el Hospital El Salvador.<\/p>\n\n\n\n<p>De acuerdo con las autoridades del Ministerio de Salud, a los pacientes se les aplic\u00f3 todo el protocolo de atenci\u00f3n m\u00e9dica y despu\u00e9s de varios d\u00edas de luchar contra el virus, hoy regresan a sus hogares donde deber\u00e1n cumplir una estricta cuarentena domiciliar vigilada.<\/p>\n\n\n\n<p>Los nuevos recuperados, 5 hombres y 8 mujeres entre las edades de 43 y 83 a\u00f1os, fueron recibidos con algarab\u00eda por familiares y amigos en las afueras del centro asistencial.<\/p>\n\n\n\n<p>\u201c\u00a1De coraz\u00f3n, agradecido con todos!\u201d, fueron las palabras de despedida de uno de los pacientes recuperados de COVID-19, al salir del Hospital El Salvador.<\/p>\n\n\n\n<p>Hasta este domingo 13 de septiembre, un total de 18,397 personas se han recuperado de COVID-19 en El Salvador, seg\u00fan las estad\u00edsticas oficiales.<\/p>\n","protected":false},"excerpt":{"rendered":"<p>Gracias al incansable trabajo del personal m\u00e9dico, 13 salvadore\u00f1os m\u00e1s vencieron al COVID-19 y este domingo recibieron el alta m\u00e9dica<\/p>\n","protected":false},"author":2,"featured_media":8317,"comment_status":"open","ping_status":"open","sticky":false,"template":"","format":"standard","meta":{"colormag_page_container_layout":"default_layout","colormag_page_sidebar_layout":"default_layout","footnotes":""},"categories":[1],"tags":[],"class_list":["post-8316","post","type-post","status-publish","format-standard","has-post-thumbnail","hentry","category-nacional"],"_links":{"self":[{"href":"https:\/\/elmetidosv.com\/index.php?rest_route=\/wp\/v2\/posts\/8316","targetHints":{"allow":["GET"]}}],"collection":[{"href":"https:\/\/elmetidosv.com\/index.php?rest_route=\/wp\/v2\/posts"}],"about":[{"href":"https:\/\/elmetidosv.com\/index.php?rest_route=\/wp\/v2\/types\/post"}],"author":[{"embeddable":true,"href":"https:\/\/elmetidosv.com\/index.php?rest_route=\/wp\/v2\/users\/2"}],"replies":[{"embeddable":true,"href":"https:\/\/elmetidosv.com\/index.php?rest_route=%2Fwp%2Fv2%2Fcomments&post=8316"}],"version-history":[{"count":1,"href":"https:\/\/elmetidosv.com\/index.php?rest_route=\/wp\/v2\/posts\/8316\/revisions"}],"predecessor-version":[{"id":8319,"href":"https:\/\/elmetidosv.com\/index.php?rest_route=\/wp\/v2\/posts\/8316\/revisions\/8319"}],"wp:featuredmedia":[{"embeddable":true,"href":"https:\/\/elmetidosv.com\/index.php?rest_route=\/wp\/v2\/media\/8317"}],"wp:attachment":[{"href":"https:\/\/elmetidosv.com\/index.php?rest_route=%2Fwp%2Fv2%2Fmedia&parent=8316"}],"wp:term":[{"taxonomy":"category","embeddable":true,"href":"https:\/\/elmetidosv.com\/index.php?rest_route=%2Fwp%2Fv2%2Fcategories&post=8316"},{"taxonomy":"post_tag","embeddable":true,"href":"https:\/\/elmetidosv.com\/index.php?rest_route=%2Fwp%2Fv2%2Ftags&post=8316"}],"curies":[{"name":"wp","href":"https:\/\/api.w.org\/{rel}","templated":true}]}}