{"id":8310,"date":"2020-09-13T17:05:43","date_gmt":"2020-09-13T23:05:43","guid":{"rendered":"http:\/\/elmetidosve.com\/?p=8310"},"modified":"2020-09-13T17:05:55","modified_gmt":"2020-09-13T23:05:55","slug":"un-joven-perdio-la-vida-este-domingo-en-accidente-en-la-carretera-hacia-chalchuapa","status":"publish","type":"post","link":"https:\/\/elmetidosv.com\/?p=8310","title":{"rendered":"Un joven perdi\u00f3 la vida, este domingo en accidente en la carretera hacia Chalchuapa"},"content":{"rendered":"\n<p>Un joven perdi\u00f3 la vida, este domingo, luego de registrarse un accidente de tr\u00e1nsito sobre la carretera que de Santa Ana conduce hacia Chalchuapa, a la altura de una planta de gas licuado.<\/p>\n\n\n\n<p>El ahora fallecido ha sido identificado por las autoridades como Enrique Alberto Aguilar, de 33 a\u00f1os, quien era originario del municipio de Chalchuapa.<\/p>\n\n\n\n<p>Curiosamente, este joven fue reportado como desaparecido por familiares en las redes sociales el pasado 31 de agosto, pero apareci\u00f3 a los pocos d\u00edas; no obstante, hoy perdi\u00f3 la vida.<\/p>\n\n\n\n<p>Hasta el momento, las autoridades de la Polic\u00eda Nacional Civil (PNC) no han detallado cu\u00e1l podr\u00eda haber sido la causa del percance vial.<\/p>\n","protected":false},"excerpt":{"rendered":"<p>Un joven perdi\u00f3 la vida, este domingo, luego de registrarse un accidente de tr\u00e1nsito sobre la carretera que de Santa<\/p>\n","protected":false},"author":2,"featured_media":8312,"comment_status":"open","ping_status":"open","sticky":false,"template":"","format":"standard","meta":{"colormag_page_container_layout":"default_layout","colormag_page_sidebar_layout":"default_layout","footnotes":""},"categories":[1],"tags":[],"class_list":["post-8310","post","type-post","status-publish","format-standard","has-post-thumbnail","hentry","category-nacional"],"_links":{"self":[{"href":"https:\/\/elmetidosv.com\/index.php?rest_route=\/wp\/v2\/posts\/8310","targetHints":{"allow":["GET"]}}],"collection":[{"href":"https:\/\/elmetidosv.com\/index.php?rest_route=\/wp\/v2\/posts"}],"about":[{"href":"https:\/\/elmetidosv.com\/index.php?rest_route=\/wp\/v2\/types\/post"}],"author":[{"embeddable":true,"href":"https:\/\/elmetidosv.com\/index.php?rest_route=\/wp\/v2\/users\/2"}],"replies":[{"embeddable":true,"href":"https:\/\/elmetidosv.com\/index.php?rest_route=%2Fwp%2Fv2%2Fcomments&post=8310"}],"version-history":[{"count":1,"href":"https:\/\/elmetidosv.com\/index.php?rest_route=\/wp\/v2\/posts\/8310\/revisions"}],"predecessor-version":[{"id":8313,"href":"https:\/\/elmetidosv.com\/index.php?rest_route=\/wp\/v2\/posts\/8310\/revisions\/8313"}],"wp:featuredmedia":[{"embeddable":true,"href":"https:\/\/elmetidosv.com\/index.php?rest_route=\/wp\/v2\/media\/8312"}],"wp:attachment":[{"href":"https:\/\/elmetidosv.com\/index.php?rest_route=%2Fwp%2Fv2%2Fmedia&parent=8310"}],"wp:term":[{"taxonomy":"category","embeddable":true,"href":"https:\/\/elmetidosv.com\/index.php?rest_route=%2Fwp%2Fv2%2Fcategories&post=8310"},{"taxonomy":"post_tag","embeddable":true,"href":"https:\/\/elmetidosv.com\/index.php?rest_route=%2Fwp%2Fv2%2Ftags&post=8310"}],"curies":[{"name":"wp","href":"https:\/\/api.w.org\/{rel}","templated":true}]}}