{"id":8246,"date":"2020-09-11T13:16:48","date_gmt":"2020-09-11T19:16:48","guid":{"rendered":"http:\/\/elmetidosve.com\/?p=8246"},"modified":"2020-09-11T13:16:55","modified_gmt":"2020-09-11T19:16:55","slug":"uca-pide-procesar-a-autores-intelectuales-de-masacre-de-jesuitas","status":"publish","type":"post","link":"https:\/\/elmetidosv.com\/?p=8246","title":{"rendered":"UCA PIDE PROCESAR A AUTORES INTELECTUALES DE MASACRE DE JESUITAS"},"content":{"rendered":"\n<p> La Universidad Centroamericana (UCA), pidi\u00f3 hoy, viernes, procesar a los autores intelectuales de la masacre de los sacerdotes jesuitas, cometida en 1989, al conocer la condena en Espa\u00f1a a m\u00e1s de 133 a\u00f1os, del Coronel Orlando Montano. <\/p>\n\n\n\n<p>En un comunicado, la UCA dijo que el proceso judicial contra los autores intelectuales de la matanza, cometida el 16 de noviembre de 1989, en el recinto universitario, en el sur de la capital salvadore\u00f1a, \u00abno debe seguir esperando m\u00e1s\u00bb.\u00bbLa continuaci\u00f3n del proceso judicial en El Salvador, ya iniciado, pero malintencionadamente detenido para determinar qui\u00e9nes fueron los autores intelectuales del horrendo crimen, es una deuda de la justicia\u00bb, se a\u00f1ade en el comunicado.<\/p>\n\n\n\n<p>\u00abEl camino de reparaci\u00f3n pasa por el conocimiento de la verdad, la pr\u00e1ctica de la justicia y el perd\u00f3n\u00bb, se agrega.Montano, quien fue extraditado a Espa\u00f1a por Estados Unidos, fue condenado por la Corte Real de Espa\u00f1a a purgar m\u00e1s de 133 a\u00f1os de prisi\u00f3n, por la muerte de cinco sacerdotes espa\u00f1oles, proceso abierto a petici\u00f3n de los parientes de las v\u00edctimas.<\/p>\n\n\n\n<p>Junto a los sacerdotes espa\u00f1oles &#8211; Ignacio Ellacur\u00eda, Ignacio Mart\u00edn Bar\u00f3, Amado L\u00f3pez, Segundo Montes y Juan Ram\u00f3n Moreno-, tambi\u00e9n fueron asesinados, el cura salvadore\u00f1o, Joaqu\u00edn L\u00f3pez, y las empleadas dom\u00e9sticas de \u00e9stos, Elba y Celina Ramos, madre e hija, respectivamente.<\/p>\n\n\n\n<p>Del m\u00faltiple crimen fueron acusados integrantes del Batall\u00f3n Atlacatl, aunque la orden de asesinar a los religiosos habr\u00eda sido dada por el Alto Mando del ej\u00e9rcito, al que pertenec\u00eda Montano, cuando fing\u00eda como Vice Ministro de Seguridad P\u00fablica.<\/p>\n\n\n\n<p>\u00abAunque la condena del Coronel Montano es muy importante para el avance de la justicia en el caso, lo es a\u00fan m\u00e1s por su extraordinario servicio a la verdad\u00bb, se puntualiza en el bolet\u00edn.<br><\/p>\n","protected":false},"excerpt":{"rendered":"<p>La Universidad Centroamericana (UCA), pidi\u00f3 hoy, viernes, procesar a los autores intelectuales de la masacre de los sacerdotes jesuitas, cometida<\/p>\n","protected":false},"author":2,"featured_media":8247,"comment_status":"open","ping_status":"open","sticky":false,"template":"","format":"standard","meta":{"colormag_page_container_layout":"default_layout","colormag_page_sidebar_layout":"default_layout","footnotes":""},"categories":[1],"tags":[],"class_list":["post-8246","post","type-post","status-publish","format-standard","has-post-thumbnail","hentry","category-nacional"],"_links":{"self":[{"href":"https:\/\/elmetidosv.com\/index.php?rest_route=\/wp\/v2\/posts\/8246","targetHints":{"allow":["GET"]}}],"collection":[{"href":"https:\/\/elmetidosv.com\/index.php?rest_route=\/wp\/v2\/posts"}],"about":[{"href":"https:\/\/elmetidosv.com\/index.php?rest_route=\/wp\/v2\/types\/post"}],"author":[{"embeddable":true,"href":"https:\/\/elmetidosv.com\/index.php?rest_route=\/wp\/v2\/users\/2"}],"replies":[{"embeddable":true,"href":"https:\/\/elmetidosv.com\/index.php?rest_route=%2Fwp%2Fv2%2Fcomments&post=8246"}],"version-history":[{"count":1,"href":"https:\/\/elmetidosv.com\/index.php?rest_route=\/wp\/v2\/posts\/8246\/revisions"}],"predecessor-version":[{"id":8248,"href":"https:\/\/elmetidosv.com\/index.php?rest_route=\/wp\/v2\/posts\/8246\/revisions\/8248"}],"wp:featuredmedia":[{"embeddable":true,"href":"https:\/\/elmetidosv.com\/index.php?rest_route=\/wp\/v2\/media\/8247"}],"wp:attachment":[{"href":"https:\/\/elmetidosv.com\/index.php?rest_route=%2Fwp%2Fv2%2Fmedia&parent=8246"}],"wp:term":[{"taxonomy":"category","embeddable":true,"href":"https:\/\/elmetidosv.com\/index.php?rest_route=%2Fwp%2Fv2%2Fcategories&post=8246"},{"taxonomy":"post_tag","embeddable":true,"href":"https:\/\/elmetidosv.com\/index.php?rest_route=%2Fwp%2Fv2%2Ftags&post=8246"}],"curies":[{"name":"wp","href":"https:\/\/api.w.org\/{rel}","templated":true}]}}