{"id":8203,"date":"2020-09-09T18:08:42","date_gmt":"2020-09-10T00:08:42","guid":{"rendered":"http:\/\/elmetidosve.com\/?p=8203"},"modified":"2020-09-09T18:08:50","modified_gmt":"2020-09-10T00:08:50","slug":"pnc-capturaron-a-dos-sujetos-que-quisieron-hurtar-en-un-local-en-donde-se-venden-celulares","status":"publish","type":"post","link":"https:\/\/elmetidosv.com\/?p=8203","title":{"rendered":"PNC capturaron a dos sujetos que quisieron hurtar en un local en donde se venden celulares"},"content":{"rendered":"\n<p>Efectivos de la Polic\u00eda Nacional Civil (PNC) capturaron en flagrancia a dos sujetos que quisieron hacer de las suyas al hurtar en un local en donde se venden celulares y art\u00edculos tecnol\u00f3gicos en Santa Ana.<\/p>\n\n\n\n<p>De acuerdo al informe policial, los sujetos utilizaron un Cortafr\u00eco, para cortar los candados del negocio, para luego hurtar la mayor cantidad de productos posibles.<\/p>\n\n\n\n<p>Sin embargo, tras la oportuna intervenci\u00f3n de los agentes, el hecho delictivo se pudo evitar y los malhechores fueron capturados en el lugar.<\/p>\n\n\n\n<p>Los delincuentes responden a los nombres de Francisco S\u00e1nchez y Gustavo Pe\u00f1ate, quienes deber\u00e1n enfrentar a la justicia por el delito de hurto agravado en contra de comerciantes.<\/p>\n\n\n\n<p>De igual manera, se investigar\u00e1 si los sujetos han est\u00e1n implicados en otros hechos registrados en la zona. Mientras tanto, en las pr\u00f3ximas horas ser\u00e1n llevados a los tribunales correspondientes para que se inicie el proceso penal en su contra, informaron las autoridades.<\/p>\n","protected":false},"excerpt":{"rendered":"<p>Efectivos de la Polic\u00eda Nacional Civil (PNC) capturaron en flagrancia a dos sujetos que quisieron hacer de las suyas al<\/p>\n","protected":false},"author":2,"featured_media":8204,"comment_status":"open","ping_status":"open","sticky":false,"template":"","format":"standard","meta":{"colormag_page_container_layout":"default_layout","colormag_page_sidebar_layout":"default_layout","footnotes":""},"categories":[1],"tags":[],"class_list":["post-8203","post","type-post","status-publish","format-standard","has-post-thumbnail","hentry","category-nacional"],"_links":{"self":[{"href":"https:\/\/elmetidosv.com\/index.php?rest_route=\/wp\/v2\/posts\/8203","targetHints":{"allow":["GET"]}}],"collection":[{"href":"https:\/\/elmetidosv.com\/index.php?rest_route=\/wp\/v2\/posts"}],"about":[{"href":"https:\/\/elmetidosv.com\/index.php?rest_route=\/wp\/v2\/types\/post"}],"author":[{"embeddable":true,"href":"https:\/\/elmetidosv.com\/index.php?rest_route=\/wp\/v2\/users\/2"}],"replies":[{"embeddable":true,"href":"https:\/\/elmetidosv.com\/index.php?rest_route=%2Fwp%2Fv2%2Fcomments&post=8203"}],"version-history":[{"count":1,"href":"https:\/\/elmetidosv.com\/index.php?rest_route=\/wp\/v2\/posts\/8203\/revisions"}],"predecessor-version":[{"id":8205,"href":"https:\/\/elmetidosv.com\/index.php?rest_route=\/wp\/v2\/posts\/8203\/revisions\/8205"}],"wp:featuredmedia":[{"embeddable":true,"href":"https:\/\/elmetidosv.com\/index.php?rest_route=\/wp\/v2\/media\/8204"}],"wp:attachment":[{"href":"https:\/\/elmetidosv.com\/index.php?rest_route=%2Fwp%2Fv2%2Fmedia&parent=8203"}],"wp:term":[{"taxonomy":"category","embeddable":true,"href":"https:\/\/elmetidosv.com\/index.php?rest_route=%2Fwp%2Fv2%2Fcategories&post=8203"},{"taxonomy":"post_tag","embeddable":true,"href":"https:\/\/elmetidosv.com\/index.php?rest_route=%2Fwp%2Fv2%2Ftags&post=8203"}],"curies":[{"name":"wp","href":"https:\/\/api.w.org\/{rel}","templated":true}]}}