{"id":8187,"date":"2020-09-09T17:50:09","date_gmt":"2020-09-09T23:50:09","guid":{"rendered":"http:\/\/elmetidosve.com\/?p=8187"},"modified":"2020-09-09T17:50:16","modified_gmt":"2020-09-09T23:50:16","slug":"realizan-pruebas-de-covid-19-a-la-poblacion-en-acajutla","status":"publish","type":"post","link":"https:\/\/elmetidosv.com\/?p=8187","title":{"rendered":"Realizan pruebas de COVID-19 a la poblaci\u00f3n en Acajutla"},"content":{"rendered":"\n<figure class=\"wp-block-gallery columns-2 is-cropped wp-block-gallery-1 is-layout-flex wp-block-gallery-is-layout-flex\"><ul class=\"blocks-gallery-grid\"><li class=\"blocks-gallery-item\"><figure><img loading=\"lazy\" decoding=\"async\" width=\"680\" height=\"453\" src=\"http:\/\/elmetidosve.com\/wp-content\/uploads\/2020\/09\/0000-60.jpg\" alt=\"\" data-id=\"8188\" data-full-url=\"http:\/\/elmetidosve.com\/wp-content\/uploads\/2020\/09\/0000-60.jpg\" data-link=\"http:\/\/elmetidosve.com\/?attachment_id=8188\" class=\"wp-image-8188\" srcset=\"https:\/\/elmetidosv.com\/wp-content\/uploads\/2020\/09\/0000-60.jpg 680w, https:\/\/elmetidosv.com\/wp-content\/uploads\/2020\/09\/0000-60-300x200.jpg 300w\" sizes=\"auto, (max-width: 680px) 100vw, 680px\" \/><\/figure><\/li><li class=\"blocks-gallery-item\"><figure><img loading=\"lazy\" decoding=\"async\" width=\"680\" height=\"454\" src=\"http:\/\/elmetidosve.com\/wp-content\/uploads\/2020\/09\/00-7.jpg\" alt=\"\" data-id=\"8189\" data-full-url=\"http:\/\/elmetidosve.com\/wp-content\/uploads\/2020\/09\/00-7.jpg\" data-link=\"http:\/\/elmetidosve.com\/?attachment_id=8189\" class=\"wp-image-8189\" srcset=\"https:\/\/elmetidosv.com\/wp-content\/uploads\/2020\/09\/00-7.jpg 680w, https:\/\/elmetidosv.com\/wp-content\/uploads\/2020\/09\/00-7-300x200.jpg 300w\" sizes=\"auto, (max-width: 680px) 100vw, 680px\" \/><\/figure><\/li><\/ul><\/figure>\n\n\n\n<p>El Ministerio de Salud, en conjunto con el Equipo Interdisciplinario de Contenci\u00f3n Epidemiol\u00f3gica (EICE), realizaron este mi\u00e9rcoles pruebas de COVID-19 de manera gratuita a la poblaci\u00f3n en el municipio de Acajutla, Sonsonate.<\/p>\n\n\n\n<p>En total, las autoridades aplicaron 300 pruebas PCR, a la poblaci\u00f3n para detectar casos y as\u00ed brindar una asistencia m\u00e9dica oportuna.<\/p>\n\n\n\n<p>Esta semana se han instalado cabinas del EICE en diferentes puntos de El Salvador, entre los que est\u00e1n: Suchitoto, Usulut\u00e1n, Ilobasco, Santo Tomas, La Palma, San Vicente y Jayaque, entro otros.<\/p>\n\n\n\n<p>Todas las pruebas son gratuitas y se toman por orden de llegada, guardando las medidas de distanciamiento f\u00edsico y de prevenci\u00f3n contra el COVID-19.<\/p>\n\n\n\n<p>\u201cLo importante de estas pruebas es conocer la cantidad de personas que pudieran haberse visto afectadas por la reapertura econ\u00f3mica\u201d, asegur\u00f3 Jos\u00e9 Garc\u00eda, director de la Unidad Comunitaria de Salud Familiar (UCSF) de Acajutla.<\/p>\n\n\n\n<p>Para entregar los resultados, el Ministerio de Salud se contacta con las personas que se sometieron a las pruebas v\u00eda correo electr\u00f3nico o por llamada telef\u00f3nica, aproximadamente en 48 horas. Los datos de contacto son recogidos al momento de realizar el tamizaje. Dependiendo del resultado de la prueba, los medicamentos son entregados en la casa del paciente.<\/p>\n","protected":false},"excerpt":{"rendered":"<p>El Ministerio de Salud, en conjunto con el Equipo Interdisciplinario de Contenci\u00f3n Epidemiol\u00f3gica (EICE), realizaron este mi\u00e9rcoles pruebas de COVID-19<\/p>\n","protected":false},"author":2,"featured_media":8190,"comment_status":"open","ping_status":"open","sticky":false,"template":"","format":"standard","meta":{"colormag_page_container_layout":"default_layout","colormag_page_sidebar_layout":"default_layout","footnotes":""},"categories":[1],"tags":[],"class_list":["post-8187","post","type-post","status-publish","format-standard","has-post-thumbnail","hentry","category-nacional"],"_links":{"self":[{"href":"https:\/\/elmetidosv.com\/index.php?rest_route=\/wp\/v2\/posts\/8187","targetHints":{"allow":["GET"]}}],"collection":[{"href":"https:\/\/elmetidosv.com\/index.php?rest_route=\/wp\/v2\/posts"}],"about":[{"href":"https:\/\/elmetidosv.com\/index.php?rest_route=\/wp\/v2\/types\/post"}],"author":[{"embeddable":true,"href":"https:\/\/elmetidosv.com\/index.php?rest_route=\/wp\/v2\/users\/2"}],"replies":[{"embeddable":true,"href":"https:\/\/elmetidosv.com\/index.php?rest_route=%2Fwp%2Fv2%2Fcomments&post=8187"}],"version-history":[{"count":1,"href":"https:\/\/elmetidosv.com\/index.php?rest_route=\/wp\/v2\/posts\/8187\/revisions"}],"predecessor-version":[{"id":8191,"href":"https:\/\/elmetidosv.com\/index.php?rest_route=\/wp\/v2\/posts\/8187\/revisions\/8191"}],"wp:featuredmedia":[{"embeddable":true,"href":"https:\/\/elmetidosv.com\/index.php?rest_route=\/wp\/v2\/media\/8190"}],"wp:attachment":[{"href":"https:\/\/elmetidosv.com\/index.php?rest_route=%2Fwp%2Fv2%2Fmedia&parent=8187"}],"wp:term":[{"taxonomy":"category","embeddable":true,"href":"https:\/\/elmetidosv.com\/index.php?rest_route=%2Fwp%2Fv2%2Fcategories&post=8187"},{"taxonomy":"post_tag","embeddable":true,"href":"https:\/\/elmetidosv.com\/index.php?rest_route=%2Fwp%2Fv2%2Ftags&post=8187"}],"curies":[{"name":"wp","href":"https:\/\/api.w.org\/{rel}","templated":true}]}}