{"id":8172,"date":"2020-09-08T16:31:37","date_gmt":"2020-09-08T22:31:37","guid":{"rendered":"http:\/\/elmetidosve.com\/?p=8172"},"modified":"2020-09-08T16:31:45","modified_gmt":"2020-09-08T22:31:45","slug":"pnc-detiene-a-sujeto-por-agredir-a-otro-hombre-de-50-anos-en-la-paz","status":"publish","type":"post","link":"https:\/\/elmetidosv.com\/?p=8172","title":{"rendered":"PNC detiene a sujeto por agredir a otro hombre de 50 a\u00f1os en La Paz"},"content":{"rendered":"\n<p>La Polic\u00eda Nacional Civil (PNC) inform\u00f3 este martes de la captura de un sujeto, el cual es acusado de agredir a un hombre de 50 a\u00f1os. La captura se realiz\u00f3 en el municipio de Zacatecoluca, del departamento de La Paz.<\/p>\n\n\n\n<p>El sospechoso fue identificado como Carlos Armando Torres Villanueva, quien se aclar\u00f3 que no pertenece a grupos delincuenciales, explicaron las autoridades policiales.<\/p>\n\n\n\n<p>Torres Villanueva agredi\u00f3 a Jos\u00e9 Cuellar y fue detenido en el marco del Plan Control Territorial que desarrolla el Gobierno del presidente Bukele para combatir la delincuencia. En las pr\u00f3ximas horas, ser\u00e1 llevado al tribunal correspondiente.<\/p>\n\n\n\n<p>En otro hecho, la PNC arrest\u00f3 este d\u00eda a tres sujetos por el crimen de un hombre en en cant\u00f3n Puerto \u00c1valos, de Jiquilisco, Usulut\u00e1n, al oriente del pa\u00eds.<\/p>\n\n\n\n<p>Los detenidos son: Antonio Ramos Araujo, de 36 a\u00f1os de edad, Cristian Gonz\u00e1lez, de 24 y Antonio Mart\u00ednez, acusados del delito de homicidio agravado.<\/p>\n","protected":false},"excerpt":{"rendered":"<p>La Polic\u00eda Nacional Civil (PNC) inform\u00f3 este martes de la captura de un sujeto, el cual es acusado de agredir<\/p>\n","protected":false},"author":2,"featured_media":8173,"comment_status":"open","ping_status":"open","sticky":false,"template":"","format":"standard","meta":{"colormag_page_container_layout":"default_layout","colormag_page_sidebar_layout":"default_layout","footnotes":""},"categories":[1],"tags":[],"class_list":["post-8172","post","type-post","status-publish","format-standard","has-post-thumbnail","hentry","category-nacional"],"_links":{"self":[{"href":"https:\/\/elmetidosv.com\/index.php?rest_route=\/wp\/v2\/posts\/8172","targetHints":{"allow":["GET"]}}],"collection":[{"href":"https:\/\/elmetidosv.com\/index.php?rest_route=\/wp\/v2\/posts"}],"about":[{"href":"https:\/\/elmetidosv.com\/index.php?rest_route=\/wp\/v2\/types\/post"}],"author":[{"embeddable":true,"href":"https:\/\/elmetidosv.com\/index.php?rest_route=\/wp\/v2\/users\/2"}],"replies":[{"embeddable":true,"href":"https:\/\/elmetidosv.com\/index.php?rest_route=%2Fwp%2Fv2%2Fcomments&post=8172"}],"version-history":[{"count":1,"href":"https:\/\/elmetidosv.com\/index.php?rest_route=\/wp\/v2\/posts\/8172\/revisions"}],"predecessor-version":[{"id":8174,"href":"https:\/\/elmetidosv.com\/index.php?rest_route=\/wp\/v2\/posts\/8172\/revisions\/8174"}],"wp:featuredmedia":[{"embeddable":true,"href":"https:\/\/elmetidosv.com\/index.php?rest_route=\/wp\/v2\/media\/8173"}],"wp:attachment":[{"href":"https:\/\/elmetidosv.com\/index.php?rest_route=%2Fwp%2Fv2%2Fmedia&parent=8172"}],"wp:term":[{"taxonomy":"category","embeddable":true,"href":"https:\/\/elmetidosv.com\/index.php?rest_route=%2Fwp%2Fv2%2Fcategories&post=8172"},{"taxonomy":"post_tag","embeddable":true,"href":"https:\/\/elmetidosv.com\/index.php?rest_route=%2Fwp%2Fv2%2Ftags&post=8172"}],"curies":[{"name":"wp","href":"https:\/\/api.w.org\/{rel}","templated":true}]}}