{"id":8157,"date":"2020-09-08T16:11:47","date_gmt":"2020-09-08T22:11:47","guid":{"rendered":"http:\/\/elmetidosve.com\/?p=8157"},"modified":"2020-09-08T16:11:54","modified_gmt":"2020-09-08T22:11:54","slug":"capturan-a-palabrero-de-pandillas-en-la-libertad","status":"publish","type":"post","link":"https:\/\/elmetidosv.com\/?p=8157","title":{"rendered":"Capturan a palabrero de pandillas en La Libertad"},"content":{"rendered":"\n<p>La Polic\u00eda Nacional Civil (PNC) captur\u00f3, en las \u00faltimas horas, a un peligroso l\u00edder de pandilla que era buscado por varios delitos cometidos en el  cant\u00f3n Tilapa, jurisdicci\u00f3n de Huiz\u00facar, La Libertad.<\/p>\n\n\n\n<p>El detenido ha sido identificado como Misael Ger\u00f3nimo Gonz\u00e1lez, alias \u201cPuro\u201d, quien era reclamado por la justicia por el delito de homicidio agravado. Adem\u00e1s, se le considera implicado en los delitos de extorsi\u00f3n, robo agravado, robo de ganado y limitaci\u00f3n ilegal a la libertad de circulaci\u00f3n.<\/p>\n\n\n\n<p>En las pr\u00f3ximas horas, el peligroso pandillero ser\u00e1 puesto a la orden de los tribunales correspondientes para que responda penalmente por todos los delitos que se le imputan.<\/p>\n\n\n\n<p>\u201cLa voluntad y perseverancia, son dos de los valores que identifican nuestro compromiso por llevar seguridad a los salvadore\u00f1os, sin importar las inclemencias de las coyunturas en el tiempo, los resultados del Plan Control Territorial continuar\u00e1n haciendo historia\u201d, afirman las autoridades.<\/p>\n","protected":false},"excerpt":{"rendered":"<p>La Polic\u00eda Nacional Civil (PNC) captur\u00f3, en las \u00faltimas horas, a un peligroso l\u00edder de pandilla que era buscado por<\/p>\n","protected":false},"author":2,"featured_media":8158,"comment_status":"open","ping_status":"open","sticky":false,"template":"","format":"standard","meta":{"colormag_page_container_layout":"default_layout","colormag_page_sidebar_layout":"default_layout","footnotes":""},"categories":[1],"tags":[],"class_list":["post-8157","post","type-post","status-publish","format-standard","has-post-thumbnail","hentry","category-nacional"],"_links":{"self":[{"href":"https:\/\/elmetidosv.com\/index.php?rest_route=\/wp\/v2\/posts\/8157","targetHints":{"allow":["GET"]}}],"collection":[{"href":"https:\/\/elmetidosv.com\/index.php?rest_route=\/wp\/v2\/posts"}],"about":[{"href":"https:\/\/elmetidosv.com\/index.php?rest_route=\/wp\/v2\/types\/post"}],"author":[{"embeddable":true,"href":"https:\/\/elmetidosv.com\/index.php?rest_route=\/wp\/v2\/users\/2"}],"replies":[{"embeddable":true,"href":"https:\/\/elmetidosv.com\/index.php?rest_route=%2Fwp%2Fv2%2Fcomments&post=8157"}],"version-history":[{"count":1,"href":"https:\/\/elmetidosv.com\/index.php?rest_route=\/wp\/v2\/posts\/8157\/revisions"}],"predecessor-version":[{"id":8159,"href":"https:\/\/elmetidosv.com\/index.php?rest_route=\/wp\/v2\/posts\/8157\/revisions\/8159"}],"wp:featuredmedia":[{"embeddable":true,"href":"https:\/\/elmetidosv.com\/index.php?rest_route=\/wp\/v2\/media\/8158"}],"wp:attachment":[{"href":"https:\/\/elmetidosv.com\/index.php?rest_route=%2Fwp%2Fv2%2Fmedia&parent=8157"}],"wp:term":[{"taxonomy":"category","embeddable":true,"href":"https:\/\/elmetidosv.com\/index.php?rest_route=%2Fwp%2Fv2%2Fcategories&post=8157"},{"taxonomy":"post_tag","embeddable":true,"href":"https:\/\/elmetidosv.com\/index.php?rest_route=%2Fwp%2Fv2%2Ftags&post=8157"}],"curies":[{"name":"wp","href":"https:\/\/api.w.org\/{rel}","templated":true}]}}