{"id":8115,"date":"2020-09-06T11:39:40","date_gmt":"2020-09-06T17:39:40","guid":{"rendered":"http:\/\/elmetidosve.com\/?p=8115"},"modified":"2020-09-06T11:39:50","modified_gmt":"2020-09-06T17:39:50","slug":"fallece-hijo-del-exministo-de-seguridad-y-actual-asesor-del-fmln-benito-lara-en-un-accidente-automovilistico","status":"publish","type":"post","link":"https:\/\/elmetidosv.com\/?p=8115","title":{"rendered":"Fallece hijo del exministo de Seguridad y actual asesor del FMLN, Benito Lara en un accidente automovil\u00edstico"},"content":{"rendered":"\n<figure class=\"wp-block-gallery columns-3 is-cropped wp-block-gallery-1 is-layout-flex wp-block-gallery-is-layout-flex\"><ul class=\"blocks-gallery-grid\"><li class=\"blocks-gallery-item\"><figure><img loading=\"lazy\" decoding=\"async\" width=\"768\" height=\"1024\" src=\"http:\/\/elmetidosve.com\/wp-content\/uploads\/2020\/09\/0000-45-768x1024.jpg\" alt=\"\" data-id=\"8116\" data-link=\"http:\/\/elmetidosve.com\/?attachment_id=8116\" class=\"wp-image-8116\" srcset=\"https:\/\/elmetidosv.com\/wp-content\/uploads\/2020\/09\/0000-45-768x1024.jpg 768w, https:\/\/elmetidosv.com\/wp-content\/uploads\/2020\/09\/0000-45-225x300.jpg 225w, https:\/\/elmetidosv.com\/wp-content\/uploads\/2020\/09\/0000-45.jpg 960w\" sizes=\"auto, (max-width: 768px) 100vw, 768px\" \/><\/figure><\/li><li class=\"blocks-gallery-item\"><figure><img loading=\"lazy\" decoding=\"async\" width=\"768\" height=\"1024\" src=\"http:\/\/elmetidosve.com\/wp-content\/uploads\/2020\/09\/000-24-768x1024.jpg\" alt=\"\" data-id=\"8117\" data-link=\"http:\/\/elmetidosve.com\/?attachment_id=8117\" class=\"wp-image-8117\" srcset=\"https:\/\/elmetidosv.com\/wp-content\/uploads\/2020\/09\/000-24-768x1024.jpg 768w, https:\/\/elmetidosv.com\/wp-content\/uploads\/2020\/09\/000-24-225x300.jpg 225w, https:\/\/elmetidosv.com\/wp-content\/uploads\/2020\/09\/000-24.jpg 960w\" sizes=\"auto, (max-width: 768px) 100vw, 768px\" \/><\/figure><\/li><li class=\"blocks-gallery-item\"><figure><img loading=\"lazy\" decoding=\"async\" width=\"768\" height=\"1024\" src=\"http:\/\/elmetidosve.com\/wp-content\/uploads\/2020\/09\/00-768x1024.jpg\" alt=\"\" data-id=\"8118\" data-full-url=\"http:\/\/elmetidosve.com\/wp-content\/uploads\/2020\/09\/00.jpg\" data-link=\"http:\/\/elmetidosve.com\/?attachment_id=8118\" class=\"wp-image-8118\" srcset=\"https:\/\/elmetidosv.com\/wp-content\/uploads\/2020\/09\/00-768x1024.jpg 768w, https:\/\/elmetidosv.com\/wp-content\/uploads\/2020\/09\/00-225x300.jpg 225w, https:\/\/elmetidosv.com\/wp-content\/uploads\/2020\/09\/00.jpg 960w\" sizes=\"auto, (max-width: 768px) 100vw, 768px\" \/><\/figure><\/li><li class=\"blocks-gallery-item\"><figure><img loading=\"lazy\" decoding=\"async\" width=\"1024\" height=\"576\" src=\"http:\/\/elmetidosve.com\/wp-content\/uploads\/2020\/09\/0-6-1024x576.jpg\" alt=\"\" data-id=\"8119\" data-full-url=\"http:\/\/elmetidosve.com\/wp-content\/uploads\/2020\/09\/0-6.jpg\" data-link=\"http:\/\/elmetidosve.com\/?attachment_id=8119\" class=\"wp-image-8119\" srcset=\"https:\/\/elmetidosv.com\/wp-content\/uploads\/2020\/09\/0-6-1024x576.jpg 1024w, https:\/\/elmetidosv.com\/wp-content\/uploads\/2020\/09\/0-6-300x169.jpg 300w, https:\/\/elmetidosv.com\/wp-content\/uploads\/2020\/09\/0-6-768x432.jpg 768w, https:\/\/elmetidosv.com\/wp-content\/uploads\/2020\/09\/0-6.jpg 1280w\" sizes=\"auto, (max-width: 1024px) 100vw, 1024px\" \/><\/figure><\/li><\/ul><\/figure>\n\n\n\n<figure class=\"wp-block-image\"><img decoding=\"async\" src=\"https:\/\/pbs.twimg.com\/media\/EhPqRPFX0AIZ4ha?format=jpg&amp;name=small\" alt=\"Imagen\"\/><\/figure>\n\n\n\n<p>La noche del s\u00e1bado autoridades informaron que Benito Ismael Lara, hijo del exministro de Justicia y Seguridad y actual asesor de la fracci\u00f3n del FMLN, Benito Lara, falleci\u00f3 en un accidente de tr\u00e1nsito registrado en las cercan\u00edas del Hospital Bloom, San Salvador.<\/p>\n\n\n\n<p>El hijo del exfuncionario ten\u00eda 22 a\u00f1os, estudiante de derecho de la UCA. Fue atropellado por el Hospital Bloom en la noche del s\u00e1bado<\/p>\n\n\n\n<p>Por el momento se desconocen las circunstancias en las que se registr\u00f3 el percance vial.<\/p>\n","protected":false},"excerpt":{"rendered":"<p>La noche del s\u00e1bado autoridades informaron que Benito Ismael Lara, hijo del exministro de Justicia y Seguridad y actual asesor<\/p>\n","protected":false},"author":2,"featured_media":8119,"comment_status":"open","ping_status":"open","sticky":false,"template":"","format":"standard","meta":{"colormag_page_container_layout":"default_layout","colormag_page_sidebar_layout":"default_layout","footnotes":""},"categories":[1],"tags":[],"class_list":["post-8115","post","type-post","status-publish","format-standard","has-post-thumbnail","hentry","category-nacional"],"_links":{"self":[{"href":"https:\/\/elmetidosv.com\/index.php?rest_route=\/wp\/v2\/posts\/8115","targetHints":{"allow":["GET"]}}],"collection":[{"href":"https:\/\/elmetidosv.com\/index.php?rest_route=\/wp\/v2\/posts"}],"about":[{"href":"https:\/\/elmetidosv.com\/index.php?rest_route=\/wp\/v2\/types\/post"}],"author":[{"embeddable":true,"href":"https:\/\/elmetidosv.com\/index.php?rest_route=\/wp\/v2\/users\/2"}],"replies":[{"embeddable":true,"href":"https:\/\/elmetidosv.com\/index.php?rest_route=%2Fwp%2Fv2%2Fcomments&post=8115"}],"version-history":[{"count":1,"href":"https:\/\/elmetidosv.com\/index.php?rest_route=\/wp\/v2\/posts\/8115\/revisions"}],"predecessor-version":[{"id":8120,"href":"https:\/\/elmetidosv.com\/index.php?rest_route=\/wp\/v2\/posts\/8115\/revisions\/8120"}],"wp:featuredmedia":[{"embeddable":true,"href":"https:\/\/elmetidosv.com\/index.php?rest_route=\/wp\/v2\/media\/8119"}],"wp:attachment":[{"href":"https:\/\/elmetidosv.com\/index.php?rest_route=%2Fwp%2Fv2%2Fmedia&parent=8115"}],"wp:term":[{"taxonomy":"category","embeddable":true,"href":"https:\/\/elmetidosv.com\/index.php?rest_route=%2Fwp%2Fv2%2Fcategories&post=8115"},{"taxonomy":"post_tag","embeddable":true,"href":"https:\/\/elmetidosv.com\/index.php?rest_route=%2Fwp%2Fv2%2Ftags&post=8115"}],"curies":[{"name":"wp","href":"https:\/\/api.w.org\/{rel}","templated":true}]}}