{"id":8079,"date":"2020-09-04T18:16:42","date_gmt":"2020-09-05T00:16:42","guid":{"rendered":"http:\/\/elmetidosve.com\/?p=8079"},"modified":"2020-09-04T18:16:49","modified_gmt":"2020-09-05T00:16:49","slug":"en-san-isidro-cabanas-pandillero-pierde-la-vida-tras-ataque-armado-en-contra-de-la-policia","status":"publish","type":"post","link":"https:\/\/elmetidosv.com\/?p=8079","title":{"rendered":"En San Isidro, Caba\u00f1as pandillero pierde la vida tras ataque armado en contra de la polic\u00eda"},"content":{"rendered":"\n<p>Durante un operativo realizado esta ma\u00f1ana, en el municipio de San Isidro, Caba\u00f1as, agentes de la Polic\u00eda Nacional Civil (PNC) fueron atacados a balazos por al menos seis pandilleros de la zona.<\/p>\n\n\n\n<p>Inmediatamente los efectivos reaccionaron al ataque hiriendo de bala a uno de los criminales por lo que fue trasladado al hospital; sin embargo, este muri\u00f3 antes de recibir la asistencia m\u00e9dica.<\/p>\n\n\n\n<p>De acuerdo con el informe policial, el atacante fallecido ha sido identificado como Miguel Mej\u00eda Mej\u00eda, de 25 a\u00f1os de edad.<\/p>\n\n\n\n<p>Mientras tanto, &nbsp;el resto de los atacantes escap\u00f3 del lugar, por lo que los efectivos desplegaron un operativo de b\u00fasqueda para dar con su paradero.<br><\/p>\n","protected":false},"excerpt":{"rendered":"<p>Durante un operativo realizado esta ma\u00f1ana, en el municipio de San Isidro, Caba\u00f1as, agentes de la Polic\u00eda Nacional Civil (PNC)<\/p>\n","protected":false},"author":2,"featured_media":8080,"comment_status":"open","ping_status":"open","sticky":false,"template":"","format":"standard","meta":{"colormag_page_container_layout":"default_layout","colormag_page_sidebar_layout":"default_layout","footnotes":""},"categories":[1],"tags":[],"class_list":["post-8079","post","type-post","status-publish","format-standard","has-post-thumbnail","hentry","category-nacional"],"_links":{"self":[{"href":"https:\/\/elmetidosv.com\/index.php?rest_route=\/wp\/v2\/posts\/8079","targetHints":{"allow":["GET"]}}],"collection":[{"href":"https:\/\/elmetidosv.com\/index.php?rest_route=\/wp\/v2\/posts"}],"about":[{"href":"https:\/\/elmetidosv.com\/index.php?rest_route=\/wp\/v2\/types\/post"}],"author":[{"embeddable":true,"href":"https:\/\/elmetidosv.com\/index.php?rest_route=\/wp\/v2\/users\/2"}],"replies":[{"embeddable":true,"href":"https:\/\/elmetidosv.com\/index.php?rest_route=%2Fwp%2Fv2%2Fcomments&post=8079"}],"version-history":[{"count":1,"href":"https:\/\/elmetidosv.com\/index.php?rest_route=\/wp\/v2\/posts\/8079\/revisions"}],"predecessor-version":[{"id":8081,"href":"https:\/\/elmetidosv.com\/index.php?rest_route=\/wp\/v2\/posts\/8079\/revisions\/8081"}],"wp:featuredmedia":[{"embeddable":true,"href":"https:\/\/elmetidosv.com\/index.php?rest_route=\/wp\/v2\/media\/8080"}],"wp:attachment":[{"href":"https:\/\/elmetidosv.com\/index.php?rest_route=%2Fwp%2Fv2%2Fmedia&parent=8079"}],"wp:term":[{"taxonomy":"category","embeddable":true,"href":"https:\/\/elmetidosv.com\/index.php?rest_route=%2Fwp%2Fv2%2Fcategories&post=8079"},{"taxonomy":"post_tag","embeddable":true,"href":"https:\/\/elmetidosv.com\/index.php?rest_route=%2Fwp%2Fv2%2Ftags&post=8079"}],"curies":[{"name":"wp","href":"https:\/\/api.w.org\/{rel}","templated":true}]}}