{"id":803,"date":"2020-03-16T12:10:27","date_gmt":"2020-03-16T18:10:27","guid":{"rendered":"http:\/\/elmetidosve.com\/?p=803"},"modified":"2020-03-16T12:10:32","modified_gmt":"2020-03-16T18:10:32","slug":"en-guatemala-se-confirman-6-casos-de-coronavirus","status":"publish","type":"post","link":"https:\/\/elmetidosv.com\/?p=803","title":{"rendered":"En Guatemala se confirman  6 casos de coronavirus"},"content":{"rendered":"\n<p>El Gobierno de Guatemala confirm\u00f3 que los casos confirmados de covid-19 aumentaron a seis personas luego de dar positivo, inform\u00f3 el presidente Alejandro Giammattei.<\/p>\n\n\n\n<p>Dos de los casos fueron trasladados del aeropuerto hasta el hospital de Villa Nueva, mientras que dos de los nuevos contagios son familiares de la persona que falleci\u00f3 el 15 de marzo.<\/p>\n\n\n\n<p>Otros dos casos fueron confirmados de las personas que se encontraban en cuarentena.<\/p>\n\n\n\n<p>El pr\u00f3ximo mi\u00e9rcoles, el Presidente Giammattei, presentar\u00e1 al congreso el plan de emergencia con una ampliaci\u00f3n presupuestaria y reactivaci\u00f3n econ\u00f3mica del pa\u00eds para que los diputados lo aprueben.<\/p>\n\n\n\n<p>Hasta el momento, el n\u00famero de v\u00edctimas los guatemaltecos solo reportan una v\u00edctima fatal por el mortal coronavirus.<\/p>\n","protected":false},"excerpt":{"rendered":"<p>El Gobierno de Guatemala confirm\u00f3 que los casos confirmados de covid-19 aumentaron a seis personas luego de dar positivo, inform\u00f3<\/p>\n","protected":false},"author":1,"featured_media":804,"comment_status":"open","ping_status":"open","sticky":false,"template":"","format":"standard","meta":{"colormag_page_container_layout":"default_layout","colormag_page_sidebar_layout":"default_layout","footnotes":""},"categories":[1],"tags":[],"class_list":["post-803","post","type-post","status-publish","format-standard","has-post-thumbnail","hentry","category-nacional"],"_links":{"self":[{"href":"https:\/\/elmetidosv.com\/index.php?rest_route=\/wp\/v2\/posts\/803","targetHints":{"allow":["GET"]}}],"collection":[{"href":"https:\/\/elmetidosv.com\/index.php?rest_route=\/wp\/v2\/posts"}],"about":[{"href":"https:\/\/elmetidosv.com\/index.php?rest_route=\/wp\/v2\/types\/post"}],"author":[{"embeddable":true,"href":"https:\/\/elmetidosv.com\/index.php?rest_route=\/wp\/v2\/users\/1"}],"replies":[{"embeddable":true,"href":"https:\/\/elmetidosv.com\/index.php?rest_route=%2Fwp%2Fv2%2Fcomments&post=803"}],"version-history":[{"count":1,"href":"https:\/\/elmetidosv.com\/index.php?rest_route=\/wp\/v2\/posts\/803\/revisions"}],"predecessor-version":[{"id":805,"href":"https:\/\/elmetidosv.com\/index.php?rest_route=\/wp\/v2\/posts\/803\/revisions\/805"}],"wp:featuredmedia":[{"embeddable":true,"href":"https:\/\/elmetidosv.com\/index.php?rest_route=\/wp\/v2\/media\/804"}],"wp:attachment":[{"href":"https:\/\/elmetidosv.com\/index.php?rest_route=%2Fwp%2Fv2%2Fmedia&parent=803"}],"wp:term":[{"taxonomy":"category","embeddable":true,"href":"https:\/\/elmetidosv.com\/index.php?rest_route=%2Fwp%2Fv2%2Fcategories&post=803"},{"taxonomy":"post_tag","embeddable":true,"href":"https:\/\/elmetidosv.com\/index.php?rest_route=%2Fwp%2Fv2%2Ftags&post=803"}],"curies":[{"name":"wp","href":"https:\/\/api.w.org\/{rel}","templated":true}]}}