{"id":7991,"date":"2020-09-02T17:50:01","date_gmt":"2020-09-02T23:50:01","guid":{"rendered":"http:\/\/elmetidosve.com\/?p=7991"},"modified":"2020-09-02T17:50:10","modified_gmt":"2020-09-02T23:50:10","slug":"busero-es-sancionado-por-alterar-la-tarifa-del-pasaje","status":"publish","type":"post","link":"https:\/\/elmetidosv.com\/?p=7991","title":{"rendered":"Busero es sancionado por alterar la tarifa del pasaje"},"content":{"rendered":"\n<p>Tras una denuncia ciudadana, las autoridades del Viceministerio de Transporte (VMT) sancionaron a una unidad de la ruta 323 por alterar la tarifa del pasaje.<\/p>\n\n\n\n<p>\u201cEn atenci\u00f3n a denuncia ciudadana, esta ma\u00f1ana, sancionamos ruta 323  de San Miguel, por realizar alza al pasaje de forma ilegal. El incremento a la tarifa no est\u00e1 autorizado\u201d, explic\u00f3 el Viceministerio.<\/p>\n\n\n\n<p>Las autoridades enfatizaron que ninguna unidad de transporte p\u00fablico est\u00e1 autorizada para incrementar la tarifa, por lo que las sanciones continuar\u00e1n para quienes incumplan.<\/p>\n\n\n\n<p>En ese sentido, el VMT, junto a la Polic\u00eda Nacional Civil (PNC) se despliegan a diario en las zonas m\u00e1s concurridas del pa\u00eds para garantizar el respeto a los usuarios que d\u00eda a d\u00eda se desplazan.<\/p>\n","protected":false},"excerpt":{"rendered":"<p>Tras una denuncia ciudadana, las autoridades del Viceministerio de Transporte (VMT) sancionaron a una unidad de la ruta 323 por<\/p>\n","protected":false},"author":2,"featured_media":7992,"comment_status":"open","ping_status":"open","sticky":false,"template":"","format":"standard","meta":{"colormag_page_container_layout":"default_layout","colormag_page_sidebar_layout":"default_layout","footnotes":""},"categories":[1],"tags":[],"class_list":["post-7991","post","type-post","status-publish","format-standard","has-post-thumbnail","hentry","category-nacional"],"_links":{"self":[{"href":"https:\/\/elmetidosv.com\/index.php?rest_route=\/wp\/v2\/posts\/7991","targetHints":{"allow":["GET"]}}],"collection":[{"href":"https:\/\/elmetidosv.com\/index.php?rest_route=\/wp\/v2\/posts"}],"about":[{"href":"https:\/\/elmetidosv.com\/index.php?rest_route=\/wp\/v2\/types\/post"}],"author":[{"embeddable":true,"href":"https:\/\/elmetidosv.com\/index.php?rest_route=\/wp\/v2\/users\/2"}],"replies":[{"embeddable":true,"href":"https:\/\/elmetidosv.com\/index.php?rest_route=%2Fwp%2Fv2%2Fcomments&post=7991"}],"version-history":[{"count":1,"href":"https:\/\/elmetidosv.com\/index.php?rest_route=\/wp\/v2\/posts\/7991\/revisions"}],"predecessor-version":[{"id":7993,"href":"https:\/\/elmetidosv.com\/index.php?rest_route=\/wp\/v2\/posts\/7991\/revisions\/7993"}],"wp:featuredmedia":[{"embeddable":true,"href":"https:\/\/elmetidosv.com\/index.php?rest_route=\/wp\/v2\/media\/7992"}],"wp:attachment":[{"href":"https:\/\/elmetidosv.com\/index.php?rest_route=%2Fwp%2Fv2%2Fmedia&parent=7991"}],"wp:term":[{"taxonomy":"category","embeddable":true,"href":"https:\/\/elmetidosv.com\/index.php?rest_route=%2Fwp%2Fv2%2Fcategories&post=7991"},{"taxonomy":"post_tag","embeddable":true,"href":"https:\/\/elmetidosv.com\/index.php?rest_route=%2Fwp%2Fv2%2Ftags&post=7991"}],"curies":[{"name":"wp","href":"https:\/\/api.w.org\/{rel}","templated":true}]}}