{"id":7975,"date":"2020-09-02T17:32:13","date_gmt":"2020-09-02T23:32:13","guid":{"rendered":"http:\/\/elmetidosve.com\/?p=7975"},"modified":"2020-09-02T17:32:22","modified_gmt":"2020-09-02T23:32:22","slug":"privados-de-libertad-en-fase-de-confianza-realizan-jornada-de-limpieza-en-nuevo-cuscatlan","status":"publish","type":"post","link":"https:\/\/elmetidosv.com\/?p=7975","title":{"rendered":"Privados de libertad en fase de confianza realizan jornada de limpieza en Nuevo Cuscatl\u00e1n"},"content":{"rendered":"\n<p>Al menos 100 privados de libertad de un centro penitenciario en la fase de confianza, realizaron este mi\u00e9rcoles una jornada de limpieza en el municipio de Nuevo Cuscatl\u00e1n, del departamento de La Libertad, inform\u00f3 la Secretaria de Prensa de la Presidencia.<\/p>\n\n\n\n<p>Los internos son del Centro de Detenci\u00f3n La Esperanza, quienes llegaron desde tempranas horas a realizar labores de poda y otras actividades en Nuevo Cuscatl\u00e1n.<\/p>\n\n\n\n<p>Los privados de libertad en fase de confianza que son parte del programa Plan Cero Ocio, el cual ejecuta la Direcci\u00f3n General de Centros Penales (DGCP) tienen una participaci\u00f3n en diferentes actividades desarrolladas en el pa\u00eds.<\/p>\n\n\n\n<p>Seg\u00fan las autoridades de la DGCP, el objetivo de los planes de reinserci\u00f3n, los internos que est\u00e1n cumpliendo una condena por su delito comprobado colaboren con actividades que beneficien a la ciudadan\u00eda.<\/p>\n\n\n\n<p><\/p>\n","protected":false},"excerpt":{"rendered":"<p>Al menos 100 privados de libertad de un centro penitenciario en la fase de confianza, realizaron este mi\u00e9rcoles una jornada<\/p>\n","protected":false},"author":2,"featured_media":7977,"comment_status":"open","ping_status":"open","sticky":false,"template":"","format":"standard","meta":{"colormag_page_container_layout":"default_layout","colormag_page_sidebar_layout":"default_layout","footnotes":""},"categories":[1],"tags":[],"class_list":["post-7975","post","type-post","status-publish","format-standard","has-post-thumbnail","hentry","category-nacional"],"_links":{"self":[{"href":"https:\/\/elmetidosv.com\/index.php?rest_route=\/wp\/v2\/posts\/7975","targetHints":{"allow":["GET"]}}],"collection":[{"href":"https:\/\/elmetidosv.com\/index.php?rest_route=\/wp\/v2\/posts"}],"about":[{"href":"https:\/\/elmetidosv.com\/index.php?rest_route=\/wp\/v2\/types\/post"}],"author":[{"embeddable":true,"href":"https:\/\/elmetidosv.com\/index.php?rest_route=\/wp\/v2\/users\/2"}],"replies":[{"embeddable":true,"href":"https:\/\/elmetidosv.com\/index.php?rest_route=%2Fwp%2Fv2%2Fcomments&post=7975"}],"version-history":[{"count":1,"href":"https:\/\/elmetidosv.com\/index.php?rest_route=\/wp\/v2\/posts\/7975\/revisions"}],"predecessor-version":[{"id":7978,"href":"https:\/\/elmetidosv.com\/index.php?rest_route=\/wp\/v2\/posts\/7975\/revisions\/7978"}],"wp:featuredmedia":[{"embeddable":true,"href":"https:\/\/elmetidosv.com\/index.php?rest_route=\/wp\/v2\/media\/7977"}],"wp:attachment":[{"href":"https:\/\/elmetidosv.com\/index.php?rest_route=%2Fwp%2Fv2%2Fmedia&parent=7975"}],"wp:term":[{"taxonomy":"category","embeddable":true,"href":"https:\/\/elmetidosv.com\/index.php?rest_route=%2Fwp%2Fv2%2Fcategories&post=7975"},{"taxonomy":"post_tag","embeddable":true,"href":"https:\/\/elmetidosv.com\/index.php?rest_route=%2Fwp%2Fv2%2Ftags&post=7975"}],"curies":[{"name":"wp","href":"https:\/\/api.w.org\/{rel}","templated":true}]}}