{"id":7966,"date":"2020-09-01T17:10:46","date_gmt":"2020-09-01T23:10:46","guid":{"rendered":"http:\/\/elmetidosve.com\/?p=7966"},"modified":"2020-09-01T17:10:55","modified_gmt":"2020-09-01T23:10:55","slug":"autoridades-presentan-al-agente-del-cam-acusado-de-herir-de-bala-a-empleados-municipales-de-soyapango","status":"publish","type":"post","link":"https:\/\/elmetidosv.com\/?p=7966","title":{"rendered":"Autoridades presentan al agente del CAM acusado de herir de bala a empleados municipales de Soyapango"},"content":{"rendered":"\n<p>El director de la Polic\u00eda Nacional Civil (PNC), comisionado Mauricio Arriaza Chicas, inform\u00f3 sobre la captura del agente del Cuerpo de Agentes Metropolitanos (CAM) vinculado al ataque  con arma de fuego en contra empleados de la alcald\u00eda de Soyapango, durante la madrugada del lunes.<\/p>\n\n\n\n<p>Se trata de Santos Florent\u00edn Serrano Magar\u00edn, de 47 a\u00f1os, a quien de acuerdo a la informaci\u00f3n, se le decomisaron dos pistolas, propiedad de la alcald\u00eda, 2 cargadores y 26 cartuchos para la misma con su respectiva munici\u00f3n, adem\u00e1s de su placa que lo identifica como miembro de la instituci\u00f3n.<\/p>\n\n\n\n<p>De acuerdo con el reporte policial,  a  este sujeto se le atribuye el delito de tenencia, portaci\u00f3n o conducci\u00f3n ilegal o irresponsable de armas de fuego;<\/p>\n\n\n\n<p>De igual manera, se le responsabiliza  de lesionar de bala a tres personas que se manifestaban frente a la alcald\u00eda municipal de Soyapango, por la privatizaci\u00f3n del servicio de recolecci\u00f3n de desechos s\u00f3lidos.<\/p>\n\n\n\n<p>As\u00ed mismo, las autoridades de la polic\u00eda indican que esta captura se realiz\u00f3 gracias al trabajo conjunto de Divisi\u00f3n de Investigaciones y la Secci\u00f3n T\u00e1ctica Operativa (STO) de la PNC.<\/p>\n\n\n\n<p>Ayer, El ministro de Seguridad, Rogelio Rivas, asegur\u00f3 en su cuenta de Twitter que la PNC ya hab\u00eda iniciado con una  investigaci\u00f3n y b\u00fasqueda de los responsables que lesionaron a los dirigentes sindicales.<\/p>\n\n\n\n<p>\u201cNo puede ser que defender tus derechos y luchar contra la privatizaci\u00f3n de un servicio p\u00fablico sea motivo de peligro para la vida de los ciudadanos. Llevaremos ante la justicia a estos criminales\u201d afirm\u00f3 Rivas en su cuenta de Twitter.<\/p>\n","protected":false},"excerpt":{"rendered":"<p>El director de la Polic\u00eda Nacional Civil (PNC), comisionado Mauricio Arriaza Chicas, inform\u00f3 sobre la captura del agente del Cuerpo<\/p>\n","protected":false},"author":2,"featured_media":7967,"comment_status":"open","ping_status":"open","sticky":false,"template":"","format":"standard","meta":{"colormag_page_container_layout":"default_layout","colormag_page_sidebar_layout":"default_layout","footnotes":""},"categories":[1],"tags":[],"class_list":["post-7966","post","type-post","status-publish","format-standard","has-post-thumbnail","hentry","category-nacional"],"_links":{"self":[{"href":"https:\/\/elmetidosv.com\/index.php?rest_route=\/wp\/v2\/posts\/7966","targetHints":{"allow":["GET"]}}],"collection":[{"href":"https:\/\/elmetidosv.com\/index.php?rest_route=\/wp\/v2\/posts"}],"about":[{"href":"https:\/\/elmetidosv.com\/index.php?rest_route=\/wp\/v2\/types\/post"}],"author":[{"embeddable":true,"href":"https:\/\/elmetidosv.com\/index.php?rest_route=\/wp\/v2\/users\/2"}],"replies":[{"embeddable":true,"href":"https:\/\/elmetidosv.com\/index.php?rest_route=%2Fwp%2Fv2%2Fcomments&post=7966"}],"version-history":[{"count":1,"href":"https:\/\/elmetidosv.com\/index.php?rest_route=\/wp\/v2\/posts\/7966\/revisions"}],"predecessor-version":[{"id":7968,"href":"https:\/\/elmetidosv.com\/index.php?rest_route=\/wp\/v2\/posts\/7966\/revisions\/7968"}],"wp:featuredmedia":[{"embeddable":true,"href":"https:\/\/elmetidosv.com\/index.php?rest_route=\/wp\/v2\/media\/7967"}],"wp:attachment":[{"href":"https:\/\/elmetidosv.com\/index.php?rest_route=%2Fwp%2Fv2%2Fmedia&parent=7966"}],"wp:term":[{"taxonomy":"category","embeddable":true,"href":"https:\/\/elmetidosv.com\/index.php?rest_route=%2Fwp%2Fv2%2Fcategories&post=7966"},{"taxonomy":"post_tag","embeddable":true,"href":"https:\/\/elmetidosv.com\/index.php?rest_route=%2Fwp%2Fv2%2Ftags&post=7966"}],"curies":[{"name":"wp","href":"https:\/\/api.w.org\/{rel}","templated":true}]}}