{"id":7963,"date":"2020-09-01T17:06:43","date_gmt":"2020-09-01T23:06:43","guid":{"rendered":"http:\/\/elmetidosve.com\/?p=7963"},"modified":"2020-09-01T17:06:50","modified_gmt":"2020-09-01T23:06:50","slug":"pnc-arresto-a-mujer-acusada-de-ultimar-a-su-recien-nacida-y-luego-enterrarla-en-el-patio-de-la-casa","status":"publish","type":"post","link":"https:\/\/elmetidosv.com\/?p=7963","title":{"rendered":"PNC arresto a mujer acusada de ultimar a su reci\u00e9n nacida y luego enterrarla en el patio de la casa"},"content":{"rendered":"\n<p>Agentes de la Polic\u00eda Nacional Civil (PNC) arrestaron en las \u00faltimas horas a Melissa Iveth Mart\u00ednez Castro, de 18 a\u00f1os de edad, por presuntamente haberle quitado la vida a su beb\u00e9 reci\u00e9n nacida.<\/p>\n\n\n\n<p>De acuerdo a informaci\u00f3n preliminar, Mart\u00ednez Castro, dio a luz y posteriormente enterr\u00f3 a la beb\u00e9 en el patio de la casa, en Chinameca, departamento de San Miguel.<\/p>\n\n\n\n<p>Se conoce que el padre de la reci\u00e9n nacida habr\u00eda alertado a las autoridades policiales para su detenci\u00f3n.<\/p>\n\n\n\n<p>Por su parte, la joven de 18 a\u00f1os, manifiesta que la beb\u00e9 naci\u00f3 sin vida y por ello cometi\u00f3 el hecho.<\/p>\n\n\n\n<p>Por el momento la mujer sigue detenida mientras las autoridades determinan las causas de muerte de la reci\u00e9n nacida.<\/p>\n","protected":false},"excerpt":{"rendered":"<p>Agentes de la Polic\u00eda Nacional Civil (PNC) arrestaron en las \u00faltimas horas a Melissa Iveth Mart\u00ednez Castro, de 18 a\u00f1os<\/p>\n","protected":false},"author":2,"featured_media":7964,"comment_status":"open","ping_status":"open","sticky":false,"template":"","format":"standard","meta":{"colormag_page_container_layout":"default_layout","colormag_page_sidebar_layout":"default_layout","footnotes":""},"categories":[1],"tags":[],"class_list":["post-7963","post","type-post","status-publish","format-standard","has-post-thumbnail","hentry","category-nacional"],"_links":{"self":[{"href":"https:\/\/elmetidosv.com\/index.php?rest_route=\/wp\/v2\/posts\/7963","targetHints":{"allow":["GET"]}}],"collection":[{"href":"https:\/\/elmetidosv.com\/index.php?rest_route=\/wp\/v2\/posts"}],"about":[{"href":"https:\/\/elmetidosv.com\/index.php?rest_route=\/wp\/v2\/types\/post"}],"author":[{"embeddable":true,"href":"https:\/\/elmetidosv.com\/index.php?rest_route=\/wp\/v2\/users\/2"}],"replies":[{"embeddable":true,"href":"https:\/\/elmetidosv.com\/index.php?rest_route=%2Fwp%2Fv2%2Fcomments&post=7963"}],"version-history":[{"count":1,"href":"https:\/\/elmetidosv.com\/index.php?rest_route=\/wp\/v2\/posts\/7963\/revisions"}],"predecessor-version":[{"id":7965,"href":"https:\/\/elmetidosv.com\/index.php?rest_route=\/wp\/v2\/posts\/7963\/revisions\/7965"}],"wp:featuredmedia":[{"embeddable":true,"href":"https:\/\/elmetidosv.com\/index.php?rest_route=\/wp\/v2\/media\/7964"}],"wp:attachment":[{"href":"https:\/\/elmetidosv.com\/index.php?rest_route=%2Fwp%2Fv2%2Fmedia&parent=7963"}],"wp:term":[{"taxonomy":"category","embeddable":true,"href":"https:\/\/elmetidosv.com\/index.php?rest_route=%2Fwp%2Fv2%2Fcategories&post=7963"},{"taxonomy":"post_tag","embeddable":true,"href":"https:\/\/elmetidosv.com\/index.php?rest_route=%2Fwp%2Fv2%2Ftags&post=7963"}],"curies":[{"name":"wp","href":"https:\/\/api.w.org\/{rel}","templated":true}]}}