{"id":7910,"date":"2020-08-31T17:04:32","date_gmt":"2020-08-31T23:04:32","guid":{"rendered":"http:\/\/elmetidosve.com\/?p=7910"},"modified":"2020-08-31T17:05:10","modified_gmt":"2020-08-31T23:05:10","slug":"autoridades-de-salud-y-del-vmt-verifican-que-conductores-cumplan-de-manera-responsable-los-protocolos-sanitarios","status":"publish","type":"post","link":"https:\/\/elmetidosv.com\/?p=7910","title":{"rendered":"VMT verifica que conductores cumplan, de manera responsable, los protocolos sanitarios"},"content":{"rendered":"\n<figure class=\"wp-block-gallery columns-3 is-cropped wp-block-gallery-1 is-layout-flex wp-block-gallery-is-layout-flex\"><ul class=\"blocks-gallery-grid\"><li class=\"blocks-gallery-item\"><figure><img loading=\"lazy\" decoding=\"async\" width=\"360\" height=\"240\" src=\"http:\/\/elmetidosve.com\/wp-content\/uploads\/2020\/08\/0000-41.jpg\" alt=\"\" data-id=\"7911\" data-link=\"http:\/\/elmetidosve.com\/?attachment_id=7911\" class=\"wp-image-7911\" srcset=\"https:\/\/elmetidosv.com\/wp-content\/uploads\/2020\/08\/0000-41.jpg 360w, https:\/\/elmetidosv.com\/wp-content\/uploads\/2020\/08\/0000-41-300x200.jpg 300w\" sizes=\"auto, (max-width: 360px) 100vw, 360px\" \/><\/figure><\/li><li class=\"blocks-gallery-item\"><figure><img loading=\"lazy\" decoding=\"async\" width=\"360\" height=\"240\" src=\"http:\/\/elmetidosve.com\/wp-content\/uploads\/2020\/08\/000-46.jpg\" alt=\"\" data-id=\"7912\" data-link=\"http:\/\/elmetidosve.com\/?attachment_id=7912\" class=\"wp-image-7912\" srcset=\"https:\/\/elmetidosv.com\/wp-content\/uploads\/2020\/08\/000-46.jpg 360w, https:\/\/elmetidosv.com\/wp-content\/uploads\/2020\/08\/000-46-300x200.jpg 300w\" sizes=\"auto, (max-width: 360px) 100vw, 360px\" \/><\/figure><\/li><li class=\"blocks-gallery-item\"><figure><img loading=\"lazy\" decoding=\"async\" width=\"360\" height=\"240\" src=\"http:\/\/elmetidosve.com\/wp-content\/uploads\/2020\/08\/00-38.jpg\" alt=\"\" data-id=\"7913\" data-full-url=\"http:\/\/elmetidosve.com\/wp-content\/uploads\/2020\/08\/00-38.jpg\" data-link=\"http:\/\/elmetidosve.com\/?attachment_id=7913\" class=\"wp-image-7913\" srcset=\"https:\/\/elmetidosv.com\/wp-content\/uploads\/2020\/08\/00-38.jpg 360w, https:\/\/elmetidosv.com\/wp-content\/uploads\/2020\/08\/00-38-300x200.jpg 300w\" sizes=\"auto, (max-width: 360px) 100vw, 360px\" \/><\/figure><\/li><li class=\"blocks-gallery-item\"><figure><img loading=\"lazy\" decoding=\"async\" width=\"360\" height=\"240\" src=\"http:\/\/elmetidosve.com\/wp-content\/uploads\/2020\/08\/0-23.jpg\" alt=\"\" data-id=\"7914\" data-full-url=\"http:\/\/elmetidosve.com\/wp-content\/uploads\/2020\/08\/0-23.jpg\" data-link=\"http:\/\/elmetidosve.com\/?attachment_id=7914\" class=\"wp-image-7914\" srcset=\"https:\/\/elmetidosv.com\/wp-content\/uploads\/2020\/08\/0-23.jpg 360w, https:\/\/elmetidosv.com\/wp-content\/uploads\/2020\/08\/0-23-300x200.jpg 300w\" sizes=\"auto, (max-width: 360px) 100vw, 360px\" \/><\/figure><\/li><\/ul><\/figure>\n\n\n\n<p>Las autoridades del Ministerio de Salud en coordinaci\u00f3n con el Viceministerio de Transporte (VMT), se desplazaron esta ma\u00f1ana de lunes a varios puntos de San Salvador, \u00a0para verificar que los conductores del transporte p\u00fablico cumplan con las medidas de prevenci\u00f3n.<\/p>\n\n\n\n<p>El Ministro de Salud, Francisco Alabi, lleg\u00f3 a la zona de la plaza Salvador del Mundo, quien manifest\u00f3 que dentro de las unidades \u00a0verifican que los conductores, de manera responsable, dan cumplimiento a los protocolos de seguridad, usando equipo de protecci\u00f3n y brindando alcohol gel a los usuarios.<\/p>\n\n\n\n<p>El titular explic\u00f3 a los usuarios la importancia de mantener todas estas medidas establecidas por el Ministerio de Salud  para evitar que pasajeros puedan infectarse del COVID-19, as\u00ed como de otras enfermedades.  <\/p>\n\n\n\n<p>\u201cNo solo estamos trabajando por combatir la pandemia, sino tambi\u00e9n otras enfermedades end\u00e9micas, el dengue est\u00e1 controlado, nos encontramos en zona de \u00e9xito, con alegr\u00eda le informamos a la poblaci\u00f3n salvadore\u00f1a que al momento no registramos ninguna muerte\u201d, detall\u00f3 el ministro Alabi.<\/p>\n\n\n\n<p>Adem\u00e1s, recalc\u00f3 sobre la disminuci\u00f3n en los casos de coronavirus en el pa\u00eds, como resultado de todas las estrategias que se han implementado y la cooperaci\u00f3n de toda la poblaci\u00f3n que se ha sumado para salir adelante\u201d.<\/p>\n\n\n\n<p><\/p>\n","protected":false},"excerpt":{"rendered":"<p>Las autoridades del Ministerio de Salud en coordinaci\u00f3n con el Viceministerio de Transporte (VMT), se desplazaron esta ma\u00f1ana de lunes<\/p>\n","protected":false},"author":2,"featured_media":7911,"comment_status":"open","ping_status":"open","sticky":false,"template":"","format":"standard","meta":{"colormag_page_container_layout":"default_layout","colormag_page_sidebar_layout":"default_layout","footnotes":""},"categories":[1],"tags":[],"class_list":["post-7910","post","type-post","status-publish","format-standard","has-post-thumbnail","hentry","category-nacional"],"_links":{"self":[{"href":"https:\/\/elmetidosv.com\/index.php?rest_route=\/wp\/v2\/posts\/7910","targetHints":{"allow":["GET"]}}],"collection":[{"href":"https:\/\/elmetidosv.com\/index.php?rest_route=\/wp\/v2\/posts"}],"about":[{"href":"https:\/\/elmetidosv.com\/index.php?rest_route=\/wp\/v2\/types\/post"}],"author":[{"embeddable":true,"href":"https:\/\/elmetidosv.com\/index.php?rest_route=\/wp\/v2\/users\/2"}],"replies":[{"embeddable":true,"href":"https:\/\/elmetidosv.com\/index.php?rest_route=%2Fwp%2Fv2%2Fcomments&post=7910"}],"version-history":[{"count":2,"href":"https:\/\/elmetidosv.com\/index.php?rest_route=\/wp\/v2\/posts\/7910\/revisions"}],"predecessor-version":[{"id":7916,"href":"https:\/\/elmetidosv.com\/index.php?rest_route=\/wp\/v2\/posts\/7910\/revisions\/7916"}],"wp:featuredmedia":[{"embeddable":true,"href":"https:\/\/elmetidosv.com\/index.php?rest_route=\/wp\/v2\/media\/7911"}],"wp:attachment":[{"href":"https:\/\/elmetidosv.com\/index.php?rest_route=%2Fwp%2Fv2%2Fmedia&parent=7910"}],"wp:term":[{"taxonomy":"category","embeddable":true,"href":"https:\/\/elmetidosv.com\/index.php?rest_route=%2Fwp%2Fv2%2Fcategories&post=7910"},{"taxonomy":"post_tag","embeddable":true,"href":"https:\/\/elmetidosv.com\/index.php?rest_route=%2Fwp%2Fv2%2Ftags&post=7910"}],"curies":[{"name":"wp","href":"https:\/\/api.w.org\/{rel}","templated":true}]}}