{"id":7885,"date":"2020-08-30T14:42:18","date_gmt":"2020-08-30T20:42:18","guid":{"rendered":"http:\/\/elmetidosve.com\/?p=7885"},"modified":"2020-08-30T14:42:34","modified_gmt":"2020-08-30T20:42:34","slug":"gana-dara-los-votos-para-desaforar-a-diputado-arturo-simeon-magana","status":"publish","type":"post","link":"https:\/\/elmetidosv.com\/?p=7885","title":{"rendered":"GANA dar\u00e1 los votos para desaforar a diputado Arturo Sime\u00f3n Maga\u00f1a"},"content":{"rendered":"\n<p>Gallegos agreg\u00f3 que Sime\u00f3n Maga\u00f1a podr\u00eda ser procesado por homicidio culposo y que la Fiscal\u00eda General de la Rep\u00fablica (FGR) deber\u00e1 solicitar a la Asamblea se le retire el fuero.<\/p>\n\n\n\n<p>El diputado Guillermo Gallegos, subjefe de fracci\u00f3n de GANA, anunci\u00f3 esta ma\u00f1ana que su partido dar\u00e1 los votos para desaforar al diputado disidente de ARENA, Arturo Sime\u00f3n Maga\u00f1a, para que sea llevado ante tribunales por un accidente de tr\u00e1nsito en el que se vio involucrado el s\u00e1bado por la madrugada, y que cobr\u00f3 la vida de un joven de 21 a\u00f1os.<\/p>\n\n\n\n<p>\u00abGANA definitivamente votar\u00eda porque se le quite el fuero para que responda ante la justicia por este hecho tan reprochable e irresponsable que ha hecho\u00bb, dijo.<\/p>\n\n\n\n<p>Gallegos agreg\u00f3 que Maga\u00f1a conduc\u00eda en estado de ebriedad, y lo llam\u00f3 insistentemente \u00abirresponsable\u00bb.<\/p>\n\n\n\n<p>\u00abNo puedo menos que condenarlo, realmente es una irresponsabilidad de un funcionario ostentando el cargo de diputado, conducir bajo los efectos del alcohol\u00bb, se\u00f1al\u00f3 el legislador, a la vez destac\u00f3 que su colega puso en riesgo la vida de muchas personas, adem\u00e1s que su imprudencia dej\u00f3 un fallecido.<\/p>\n\n\n\n<p>Sobre el fallecimiento del joven Francisco Moya, acompa\u00f1ante del diputado de Ahuachap\u00e1n, Gallegos consider\u00f3 que la asistencia que le dio Sime\u00f3n Maga\u00f1a le hizo m\u00e1s da\u00f1o. \u00abEn su borrachera trat\u00f3 de atender al muchacho este, Moya, pero lo que hizo fue causarle m\u00e1s da\u00f1o\u00bb, manifest\u00f3.<\/p>\n\n\n\n<p>Gallegos agreg\u00f3 que Sime\u00f3n Maga\u00f1a podr\u00eda ser procesado por homicidio culposo y que la Fiscal\u00eda General de la Rep\u00fablica (FGR) deber\u00e1 solicitar a la Asamblea se le retire el fuero.<\/p>\n\n\n\n<p>Explic\u00f3 adem\u00e1s, que para desaforar a un diputado se necesitan 43 votos, y que falta ver la postura que asumir\u00e1 ARENA, pues cuando se solicit\u00f3 retirar el fuero del tricolor Norman Quijano, el voto de Sime\u00f3n Maga\u00f1a impidi\u00f3 que fuera procesado, y ARENA podr\u00eda devolverle el favor.<\/p>\n\n\n\n<p>El diputado Arturo Sime\u00f3n Maga\u00f1a se vio involucrado la madrugada del s\u00e1bado en un grave accidente de tr\u00e1nsito en esta capital, y sus im\u00e1genes de un hombre aturdido y ensangrentado, queriendo comprender la dimensi\u00f3n de lo sucedido, fue compartido en redes sociales, y se volvi\u00f3 un video viral.<\/p>\n\n\n\n<p>El accidente ocurri\u00f3 en horas de la madrugada sobre la intersecci\u00f3n de la 77 avenida norte y la 9a calle poniente de la colonia Escal\u00f3n.<\/p>\n\n\n\n<p>Anoche, la PNC emiti\u00f3 un comunicado afirmando que pondr\u00e1 a disposici\u00f3n del presidente de la Asamblea Legislativa, Mario Ponce, al diputado para que el congreso decida si retirarle el fuero o no.<\/p>\n\n\n\n<p>La Polic\u00eda asegur\u00f3 que Sime\u00f3n Maga\u00f1a recibi\u00f3 \u00abel mismo trato como de cualquier otro ciudadano\u00bb involucrado en casos similares, y que \u00e9l mismo decidi\u00f3 entregarse al presidente del parlamento.<\/p>\n\n\n\n<p>\u00abSer\u00e1 el \u00d3rgano Legislativo quien decidir\u00e1 si retirar el fuero al diputado, para ser procesado por el sistema de justicia, por nuestra parte, nos disponemos a realizar lo que la ley nos permite\u00bb, manifest\u00f3 la PNC.<\/p>\n","protected":false},"excerpt":{"rendered":"<p>Gallegos agreg\u00f3 que Sime\u00f3n Maga\u00f1a podr\u00eda ser procesado por homicidio culposo y que la Fiscal\u00eda General de la Rep\u00fablica (FGR)<\/p>\n","protected":false},"author":2,"featured_media":7886,"comment_status":"open","ping_status":"open","sticky":false,"template":"","format":"standard","meta":{"colormag_page_container_layout":"default_layout","colormag_page_sidebar_layout":"default_layout","footnotes":""},"categories":[1],"tags":[],"class_list":["post-7885","post","type-post","status-publish","format-standard","has-post-thumbnail","hentry","category-nacional"],"_links":{"self":[{"href":"https:\/\/elmetidosv.com\/index.php?rest_route=\/wp\/v2\/posts\/7885","targetHints":{"allow":["GET"]}}],"collection":[{"href":"https:\/\/elmetidosv.com\/index.php?rest_route=\/wp\/v2\/posts"}],"about":[{"href":"https:\/\/elmetidosv.com\/index.php?rest_route=\/wp\/v2\/types\/post"}],"author":[{"embeddable":true,"href":"https:\/\/elmetidosv.com\/index.php?rest_route=\/wp\/v2\/users\/2"}],"replies":[{"embeddable":true,"href":"https:\/\/elmetidosv.com\/index.php?rest_route=%2Fwp%2Fv2%2Fcomments&post=7885"}],"version-history":[{"count":1,"href":"https:\/\/elmetidosv.com\/index.php?rest_route=\/wp\/v2\/posts\/7885\/revisions"}],"predecessor-version":[{"id":7887,"href":"https:\/\/elmetidosv.com\/index.php?rest_route=\/wp\/v2\/posts\/7885\/revisions\/7887"}],"wp:featuredmedia":[{"embeddable":true,"href":"https:\/\/elmetidosv.com\/index.php?rest_route=\/wp\/v2\/media\/7886"}],"wp:attachment":[{"href":"https:\/\/elmetidosv.com\/index.php?rest_route=%2Fwp%2Fv2%2Fmedia&parent=7885"}],"wp:term":[{"taxonomy":"category","embeddable":true,"href":"https:\/\/elmetidosv.com\/index.php?rest_route=%2Fwp%2Fv2%2Fcategories&post=7885"},{"taxonomy":"post_tag","embeddable":true,"href":"https:\/\/elmetidosv.com\/index.php?rest_route=%2Fwp%2Fv2%2Ftags&post=7885"}],"curies":[{"name":"wp","href":"https:\/\/api.w.org\/{rel}","templated":true}]}}